{"id":61500,"date":"2023-10-29T14:00:00","date_gmt":"2023-10-29T20:00:00","guid":{"rendered":"http:\/\/www.zonaroja.com.mx\/?p=61500"},"modified":"2023-10-29T08:10:29","modified_gmt":"2023-10-29T14:10:29","slug":"exigen-justicia-por-asesinato-de-activista-en-la-costa-a-un-ano-del-caso","status":"publish","type":"post","link":"https:\/\/zonaroja.com.mx\/?p=61500","title":{"rendered":"Exigen justicia por asesinato de activista en la Costa, a un a\u00f1o del caso"},"content":{"rendered":"\n<p>Redacci\u00f3n\/Zona Roja.<\/p>\n\n\n\n<p>Oaxaca de Ju\u00e1rez, Oax., a 29 de octubre de 2023.- El 26 de octubre de 2022 fue asesinado en la comunidad de Piedra Blanca, en la Costa de Oaxaca, Filogonio Mart\u00ednez Merino, defensor del r\u00edo \u201cVerde\u201d y exagente municipal del ejido Paso de la Reyna.&nbsp;<\/p>\n\n\n\n<p>\u201cA un a\u00f1o de estos terribles acontecimientos, el crimen permanece en la impunidad, as\u00ed como el caso de cinco defensores del territorio de esta misma regi\u00f3n que fueron asesinados un a\u00f1o antes\u201d, inform\u00f3 la asociaci\u00f3n civil Servicios para una Educaci\u00f3n Alternativa (Educa).&nbsp;<\/p>\n\n\n\n<p>Relat\u00f3 que Filogonio, mejor conocido como \u201cMingo\u201d naci\u00f3 en Paso de la Reyna el 20 de diciembre de 1961, su fecha de nacimiento casi coincid\u00eda con la fecha de la fiesta patronal de la comunidad en honor a la Virgen de Guadalupe, fiesta que se celebra el 19 de diciembre.&nbsp;<\/p>\n\n\n\n<p>Aprovechando esta coincidencia le cantaban las ma\u00f1anitas en el marco de la celebraci\u00f3n de la fiesta patronal comunitaria.<\/p>\n\n\n\n<p>Cuentan sus compa\u00f1eras y compa\u00f1eros de la comunidad que de joven le agradaba el deporte, espec\u00edficamente el basquetbol, Mingo integr\u00f3 el equipo de la comunidad, equipo que compet\u00eda en los torneos deportivos de la regi\u00f3n. Gozaba las fiestas comunitarias, fiestas donde disfrutaba bailar, su sonrisa y alegr\u00eda se ve\u00edan en su rostro al transcurrir la fiesta.<\/p>\n\n\n\n<p>\u201cMingo\u201d, antes de terminar sus funciones de agente de polic\u00eda en el a\u00f1o 2021, realiz\u00f3 una fiesta comunitaria con la finalidad de congregar a las personas y convivir despu\u00e9s de enfrentar un a\u00f1o doloroso para la comunidad por el asesinato de Fidel, No\u00e9, Gerardo, Raymundo y Jaime, cinco defensores del R\u00edo Verde, en un per\u00edodo de enero a marzo de 2021.&nbsp;<\/p>\n\n\n\n<p>En la fiesta logr\u00f3 destensar y aminorar el miedo que se viv\u00eda en la comunidad, adem\u00e1s de agradecer la solidaridad de la poblaci\u00f3n al cumplir con los acuerdos tomados en las asambleas sobre la seguridad comunitaria.<\/p>\n\n\n\n<p>Filogonio, fue asesinado el 26 de octubre de 2022, el asesinato ocurri\u00f3 en la comunidad de Piedra Blanca, localizada entre Paso de la Reyna y La Humedad, municipio de Jamiltepec.<\/p>\n","protected":false},"excerpt":{"rendered":"<p>Redacci\u00f3n\/Zona Roja. Oaxaca de Ju\u00e1rez, Oax., a 29 de octubre de 2023.- El 26 de&hellip;<\/p>\n","protected":false},"author":2,"featured_media":61501,"comment_status":"closed","ping_status":"open","sticky":false,"template":"","format":"standard","meta":{"_lmt_disableupdate":"","_lmt_disable":"","_jetpack_memberships_contains_paid_content":false,"footnotes":""},"categories":[109,47],"tags":[3290],"class_list":["post-61500","post","type-post","status-publish","format-standard","has-post-thumbnail","hentry","category-minuto-a-minuto","category-zona-gris","tag-filogonio-martinez-merino"],"jetpack_featured_media_url":"https:\/\/zonaroja.com.mx\/wp-content\/uploads\/2023\/10\/Rio-Verde-Filogono-Martinez.jpg","jetpack_sharing_enabled":true,"_links":{"self":[{"href":"https:\/\/zonaroja.com.mx\/index.php?rest_route=\/wp\/v2\/posts\/61500","targetHints":{"allow":["GET"]}}],"collection":[{"href":"https:\/\/zonaroja.com.mx\/index.php?rest_route=\/wp\/v2\/posts"}],"about":[{"href":"https:\/\/zonaroja.com.mx\/index.php?rest_route=\/wp\/v2\/types\/post"}],"author":[{"embeddable":true,"href":"https:\/\/zonaroja.com.mx\/index.php?rest_route=\/wp\/v2\/users\/2"}],"replies":[{"embeddable":true,"href":"https:\/\/zonaroja.com.mx\/index.php?rest_route=%2Fwp%2Fv2%2Fcomments&post=61500"}],"version-history":[{"count":1,"href":"https:\/\/zonaroja.com.mx\/index.php?rest_route=\/wp\/v2\/posts\/61500\/revisions"}],"predecessor-version":[{"id":61502,"href":"https:\/\/zonaroja.com.mx\/index.php?rest_route=\/wp\/v2\/posts\/61500\/revisions\/61502"}],"wp:featuredmedia":[{"embeddable":true,"href":"https:\/\/zonaroja.com.mx\/index.php?rest_route=\/wp\/v2\/media\/61501"}],"wp:attachment":[{"href":"https:\/\/zonaroja.com.mx\/index.php?rest_route=%2Fwp%2Fv2%2Fmedia&parent=61500"}],"wp:term":[{"taxonomy":"category","embeddable":true,"href":"https:\/\/zonaroja.com.mx\/index.php?rest_route=%2Fwp%2Fv2%2Fcategories&post=61500"},{"taxonomy":"post_tag","embeddable":true,"href":"https:\/\/zonaroja.com.mx\/index.php?rest_route=%2Fwp%2Fv2%2Ftags&post=61500"}],"curies":[{"name":"wp","href":"https:\/\/api.w.org\/{rel}","templated":true}]}}