{"id":61509,"date":"2023-10-29T12:36:51","date_gmt":"2023-10-29T18:36:51","guid":{"rendered":"http:\/\/www.zonaroja.com.mx\/?p=61509"},"modified":"2023-10-29T12:36:52","modified_gmt":"2023-10-29T18:36:52","slug":"la-aei-de-la-fiscalia-localiza-y-detiene-a-presunto-autor-de-asesinato-en-la-capital","status":"publish","type":"post","link":"https:\/\/zonaroja.com.mx\/?p=61509","title":{"rendered":"La AEI de la Fiscal\u00eda localiza y detiene a presunto autor de asesinato en la capital"},"content":{"rendered":"\n<p>Redacci\u00f3n\/Zona Roja.<strong> <\/strong><\/p>\n\n\n\n<p>Oaxaca de Ju\u00e1rez, Oax., a 29 de octubre de 2023.-&nbsp;El trabajo coordinado entre la Fiscal\u00eda General del Estado de Oaxaca y la Secretar\u00eda de Seguridad P\u00fablica y Protecci\u00f3n Ciudadana permiti\u00f3 la detenci\u00f3n de una persona, quien presuntamente podr\u00eda estar implicada en un homicidio ocurrido esta ma\u00f1ana, en inmediaciones de la Central de Abasto.<\/p>\n\n\n\n<p>De acuerdo con las primeras investigaciones, alrededor&nbsp;de las siete y media de la ma\u00f1ana&nbsp;se registr\u00f3 un percance vial entre conductores de una camioneta CVR y una motocicleta, luego de ello, el automovilista dio alcance a dos personas que transitaban en la motocicleta cerca del puente Valerio Trujano, ubicado en la capital del estado, dispar\u00e1ndoles, motivo por el cual una persona identificada como E.A.B.H sufri\u00f3 lesiones que provocaron su muerte.<\/p>\n\n\n\n<p>Luego de los hechos, la Fiscal\u00eda General de Oaxaca estableci\u00f3 coordinaci\u00f3n con el Centro de Control, Comando y Comunicaci\u00f3n (C4) dependiente de la Secretar\u00eda de Seguridad P\u00fablica, para realizar el monitoreo de las c\u00e1maras.<\/p>\n\n\n\n<p>Con el uso de tecnolog\u00eda se logr\u00f3 la ubicaci\u00f3n de la camioneta CVR en inmediaciones de la misma Central de Abasto, por lo que se mont\u00f3 un operativo por parte de elementos de la Agencia Estatal de Investigaciones (AEI), quienes lograron la detenci\u00f3n del presunto implicado.<\/p>\n\n\n\n<p>A trav\u00e9s de la coordinaci\u00f3n, trabajo conjunto y acciones inmediatas, las instituciones de Seguridad P\u00fablica y Procuraci\u00f3n de Justicia brindan resultados, que tienen como objetivo la sanci\u00f3n de conductas delictivas, as\u00ed como inhibir las mismas.<\/p>\n","protected":false},"excerpt":{"rendered":"<p>Redacci\u00f3n\/Zona Roja. Oaxaca de Ju\u00e1rez, Oax., a 29 de octubre de 2023.-&nbsp;El trabajo coordinado entre&hellip;<\/p>\n","protected":false},"author":2,"featured_media":61508,"comment_status":"closed","ping_status":"open","sticky":false,"template":"","format":"standard","meta":{"_lmt_disableupdate":"","_lmt_disable":"","_jetpack_memberships_contains_paid_content":false,"footnotes":""},"categories":[109,46],"tags":[],"class_list":["post-61509","post","type-post","status-publish","format-standard","has-post-thumbnail","hentry","category-minuto-a-minuto","category-zona-blanca"],"jetpack_featured_media_url":"https:\/\/zonaroja.com.mx\/wp-content\/uploads\/2023\/10\/img_2254-1.jpg","jetpack_sharing_enabled":true,"_links":{"self":[{"href":"https:\/\/zonaroja.com.mx\/index.php?rest_route=\/wp\/v2\/posts\/61509","targetHints":{"allow":["GET"]}}],"collection":[{"href":"https:\/\/zonaroja.com.mx\/index.php?rest_route=\/wp\/v2\/posts"}],"about":[{"href":"https:\/\/zonaroja.com.mx\/index.php?rest_route=\/wp\/v2\/types\/post"}],"author":[{"embeddable":true,"href":"https:\/\/zonaroja.com.mx\/index.php?rest_route=\/wp\/v2\/users\/2"}],"replies":[{"embeddable":true,"href":"https:\/\/zonaroja.com.mx\/index.php?rest_route=%2Fwp%2Fv2%2Fcomments&post=61509"}],"version-history":[{"count":1,"href":"https:\/\/zonaroja.com.mx\/index.php?rest_route=\/wp\/v2\/posts\/61509\/revisions"}],"predecessor-version":[{"id":61510,"href":"https:\/\/zonaroja.com.mx\/index.php?rest_route=\/wp\/v2\/posts\/61509\/revisions\/61510"}],"wp:featuredmedia":[{"embeddable":true,"href":"https:\/\/zonaroja.com.mx\/index.php?rest_route=\/wp\/v2\/media\/61508"}],"wp:attachment":[{"href":"https:\/\/zonaroja.com.mx\/index.php?rest_route=%2Fwp%2Fv2%2Fmedia&parent=61509"}],"wp:term":[{"taxonomy":"category","embeddable":true,"href":"https:\/\/zonaroja.com.mx\/index.php?rest_route=%2Fwp%2Fv2%2Fcategories&post=61509"},{"taxonomy":"post_tag","embeddable":true,"href":"https:\/\/zonaroja.com.mx\/index.php?rest_route=%2Fwp%2Fv2%2Ftags&post=61509"}],"curies":[{"name":"wp","href":"https:\/\/api.w.org\/{rel}","templated":true}]}}