{"id":61511,"date":"2023-10-29T20:06:53","date_gmt":"2023-10-30T02:06:53","guid":{"rendered":"http:\/\/www.zonaroja.com.mx\/?p=61511"},"modified":"2023-10-29T20:06:55","modified_gmt":"2023-10-30T02:06:55","slug":"agudiza-crisis-en-el-pri-oaxaca-renuncia-villacana-y-llega-ricardez-vela","status":"publish","type":"post","link":"https:\/\/zonaroja.com.mx\/?p=61511","title":{"rendered":"Agudiza crisis en el PRI Oaxaca; renuncia Villaca\u00f1a\u2026 y llega Ric\u00e1rdez Vela"},"content":{"rendered":"\n<p>Ismael Garc\u00eda M.\/Zona Roja.<\/p>\n\n\n\n<p>Oaxaca de Ju\u00e1rez, Oax., a 29 de octubre de 2023.- La crisis se agudiz\u00f3 este domingo en el Partido Revolucionario Institucional en Oaxaca (PRI).<\/p>\n\n\n\n<p>De manera subrepticia y a trav\u00e9s de redes sociales, Javier Villaca\u00f1a Jim\u00e9nez present\u00f3 su renuncia con car\u00e1cter de irrevocable al cargo de presidente del Comit\u00e9 Directivo Estatal.<\/p>\n\n\n\n<p>Sin dar mayores explicaciones, argument\u00f3 que con ello cierra un ciclo de su vida pol\u00edtica. Presuntamente asumir\u00eda un cargo a nivel nacional, pero hasta ahora no ha habido confirmaci\u00f3n de ello.<\/p>\n\n\n\n<p>Durante su gesti\u00f3n, pr\u00e1cticamente se adue\u00f1o del partido, al lado de unos cuantos personajes, como Alejandro Avil\u00e9s \u00c1lvarez, Jorge Toledo Luis y Marco Antonio Cuevas Hern\u00e1ndez.<\/p>\n\n\n\n<p>En ese lapso, se dieron varias renuncias de cuadros relevantes del PRI, entre ellos Mariana Ben\u00edtez Tiburcio, diputada local, y Eviel P\u00e9rez Maga\u00f1a, ex dirigente del tricolor.<\/p>\n\n\n\n<p>Pero en lugar de renovar la dirigencia, Alejandro Moreno C\u00e1rdenas, presidente nacional del partido, design\u00f3 a Mar\u00eda del Carmen Ric\u00e1rdez Vela, quien \u00fanicamente se ha aprovechado de la militancia para obtener varios cargos y nombramientos.<\/p>\n\n\n\n<p>Presuntamente est\u00e1 ligada a Jos\u00e9 Murat Casab, que con este movimiento, as\u00ed como la designaci\u00f3n la semana pasada de Javier Casique Z\u00e1rate, originario de Ciudad Ixtepec y con carrera pol\u00edtica en el estado de Puebla, recupera el poder en el partido.<\/p>\n\n\n\n<p>Con ello se impedir\u00eda las pretensiones de Alejandro Avil\u00e9s de buscar la candidatura al Senado de la Rep\u00fablica, como ya lo hab\u00eda anunciado el tres veces diputado local a sus amistades y colaboradores.<\/p>\n\n\n\n<p>En el cargo de secretaria General permanece, por el momento, Liz Concha \u2014hija de Elpido Concha Arellano\u2014 y quien \u00fanicamente se ha dedicado a recorrer pueblos de la regi\u00f3n Sierra de Flores Mag\u00f3n, antes Ca\u00f1ada, para buscar reelegirse como diputada local.<\/p>\n","protected":false},"excerpt":{"rendered":"<p>Ismael Garc\u00eda M.\/Zona Roja. Oaxaca de Ju\u00e1rez, Oax., a 29 de octubre de 2023.- La&hellip;<\/p>\n","protected":false},"author":2,"featured_media":57172,"comment_status":"closed","ping_status":"open","sticky":false,"template":"","format":"standard","meta":{"_lmt_disableupdate":"","_lmt_disable":"","_jetpack_memberships_contains_paid_content":false,"footnotes":""},"categories":[109,47],"tags":[2456],"class_list":["post-61511","post","type-post","status-publish","format-standard","has-post-thumbnail","hentry","category-minuto-a-minuto","category-zona-gris","tag-javier-villacana-jimenez"],"jetpack_featured_media_url":"https:\/\/zonaroja.com.mx\/wp-content\/uploads\/2023\/07\/Se-desmorona-crisis-renuncias-PRI.jpeg","jetpack_sharing_enabled":true,"_links":{"self":[{"href":"https:\/\/zonaroja.com.mx\/index.php?rest_route=\/wp\/v2\/posts\/61511","targetHints":{"allow":["GET"]}}],"collection":[{"href":"https:\/\/zonaroja.com.mx\/index.php?rest_route=\/wp\/v2\/posts"}],"about":[{"href":"https:\/\/zonaroja.com.mx\/index.php?rest_route=\/wp\/v2\/types\/post"}],"author":[{"embeddable":true,"href":"https:\/\/zonaroja.com.mx\/index.php?rest_route=\/wp\/v2\/users\/2"}],"replies":[{"embeddable":true,"href":"https:\/\/zonaroja.com.mx\/index.php?rest_route=%2Fwp%2Fv2%2Fcomments&post=61511"}],"version-history":[{"count":1,"href":"https:\/\/zonaroja.com.mx\/index.php?rest_route=\/wp\/v2\/posts\/61511\/revisions"}],"predecessor-version":[{"id":61512,"href":"https:\/\/zonaroja.com.mx\/index.php?rest_route=\/wp\/v2\/posts\/61511\/revisions\/61512"}],"wp:featuredmedia":[{"embeddable":true,"href":"https:\/\/zonaroja.com.mx\/index.php?rest_route=\/wp\/v2\/media\/57172"}],"wp:attachment":[{"href":"https:\/\/zonaroja.com.mx\/index.php?rest_route=%2Fwp%2Fv2%2Fmedia&parent=61511"}],"wp:term":[{"taxonomy":"category","embeddable":true,"href":"https:\/\/zonaroja.com.mx\/index.php?rest_route=%2Fwp%2Fv2%2Fcategories&post=61511"},{"taxonomy":"post_tag","embeddable":true,"href":"https:\/\/zonaroja.com.mx\/index.php?rest_route=%2Fwp%2Fv2%2Ftags&post=61511"}],"curies":[{"name":"wp","href":"https:\/\/api.w.org\/{rel}","templated":true}]}}