{"id":61515,"date":"2023-10-30T06:31:01","date_gmt":"2023-10-30T12:31:01","guid":{"rendered":"http:\/\/www.zonaroja.com.mx\/?p=61515"},"modified":"2023-10-30T06:31:04","modified_gmt":"2023-10-30T12:31:04","slug":"opinion-el-jugoso-negocio-particular-de-la-filo-y-el-fracaso-de-seculta","status":"publish","type":"post","link":"https:\/\/zonaroja.com.mx\/?p=61515","title":{"rendered":"Opini\u00f3n. El jugoso negocio particular de la FILO\u2026 y el fracaso de Seculta"},"content":{"rendered":"\n<p>Ismael Garc\u00eda M.\/Zona Roja.<\/p>\n\n\n\n<p>Oaxaca de Ju\u00e1rez, Oax., a 30 de octubre de 2023.- El boyante negocio particular que significa la Feria Internacional del Libro de Oaxaca desnud\u00f3 por completo el fracaso de V\u00edctor V\u00e1squez Castillejos, mejor conocido como V\u00edctor Cata, al frente de la Secretar\u00eda de las Culturas.<\/p>\n\n\n\n<p>Diez meses bastaron para terminar de confirmar que no necesariamente un excelente curr\u00edculum personal en el \u00e1mbito cultural garantizan un ejercicio igual de efectivo en la funci\u00f3n p\u00fablica y ejemplos hay muchos, a nivel estatal y nacional.<\/p>\n\n\n\n<p>Largo ser\u00eda enumerar los casos de exitosos deportistas o profesionistas o artistas que han resultado un fiasco en cuanto asumen una responsabilidad en el servicio p\u00fablico.<\/p>\n\n\n\n<p>Y V\u00edctor Cata acept\u00f3 asumir un compromiso, una responsabilidad, en materia de cultura, a sabiendas que por d\u00e9cadas ha sido una instituci\u00f3n vilipendiada desde el Poder Ejecutivo, pues a nadie le ha interesado invertir en materia cultural, porque simplemente no genera votos.<\/p>\n\n\n\n<p>En el colmo, Cata acept\u00f3 tambi\u00e9n como pago de favores pol\u00edticos que a su hermano, Ren\u00e9 V\u00e1squez Castillejos, le dieran un cargo p\u00fablico en el gobierno de Salom\u00f3n Jara, y quien ahora desde esa instituci\u00f3n se promueve para buscar un puesto de elecci\u00f3n popular en su natal Juchit\u00e1n.<\/p>\n\n\n\n<p>DE LO MEJOR<\/p>\n\n\n\n<p>Pero vayamos por partes. V\u00edctor Cata tiene un gran prestigio y una excelente carrera profesional desde el \u00e1mbito particular y desde la sociedad civil. Un destacado ling\u00fcista y escritor que ha puesto en alto el zapoteco.<\/p>\n\n\n\n<p>De acuerdo con la Enciclopedia de la Literatura en M\u00e9xico, es:<\/p>\n\n\n\n<p>\u201cEscritor, historiador, traductor y ling\u00fcista zapoteco. Licenciado en Historia por la Universidad Nacional Aut\u00f3noma de M\u00e9xico y Maestro en Ling\u00fc\u00edstica Indoamericana por&nbsp;el Centro de Investigaciones y Estudios Superiores en Antropolog\u00eda Social.<\/p>\n\n\n\n<p>\u201cAutor de m\u00e1s de cinco libros. Ha sido becario del Fondo Nacional de las Culturas y las Artes 2005-2006; del Programa de Apoyo a las Culturas Municipales y Comunitarias 2007-2008; y del Sistema Nacional de Creadores de Arte 2014-2016.&nbsp;En 2012, tuvo una estancia de investigaci\u00f3n y an\u00e1lisis de la lengua zapoteca en el Museo&nbsp;de Historia Natural de los Estados Unidos. En 2015, recibi\u00f3 la medalla \u2018Andr\u00e9s Henestrosa\u2019, otorgada por la Secretar\u00eda de las Culturas y Artes de Oaxaca y la LXII Legislatura del Congreso del Estado, debido a su valiosa aportaci\u00f3n al rescate de la lengua zapoteca y a la educaci\u00f3n de los pueblos ind\u00edgenas.<\/p>\n\n\n\n<p>\u201cEn colectivo con Natalia Toledo ha impulsado el proyecto \u2018El Camino de la Iguana\u2019, taller itinerante que ha recorrido comunidades ind\u00edgenas de la regi\u00f3n del Istmo de Tehuantepec, impulsando el rescate de la lengua zapoteca a partir de la lecto-escritura y la literatura\u201d.<\/p>\n\n\n\n<p>A LAS COMPLICACIONES<\/p>\n\n\n\n<p>Como largo ser\u00eda enumerar la serie de dificultades que ha tenido V\u00edctor Cata al frente de la Secretar\u00eda de las Culturas y las Artes, al enfrentar a la burocracia en pleno y no saber dominar este monstruo que frena cualquier iniciativa.<\/p>\n\n\n\n<p>En primer lugar, acept\u00f3 que le impusieran a personas de la Ciudad de M\u00e9xico (como Valeria Sumano Ram\u00edrez), sin absoluto conocimiento de la cultura oaxaque\u00f1a, en cargos relevantes.<\/p>\n\n\n\n<p>En segundo, no ha logrado consolidar un equipo de trabajo eficiente y efectivo; rechaz\u00f3 trabajar como Nathanael Lorenzo Hern\u00e1ndez, un reconocido activista cultural, compositor y m\u00fasico, que tuvo que emigrar al Secretariado Ejecutivo de Seguridad P\u00fablica.<\/p>\n\n\n\n<p>Tercero, ha peleado con todos y por todos. Por ejemplo, se confront\u00f3 y corri\u00f3 a los trabajadores del Taller de Artes Pl\u00e1sticas \u201cRufino Tamayo\u201d, pese a la antig\u00fcedad que ten\u00edan en la ense\u00f1anza; y al final tuvo que recular en algunos casos, pues la crisis crec\u00eda.<\/p>\n\n\n\n<p>Tambi\u00e9n fue denunciado desde la Banda de M\u00fasica del Estado por intentar ceses; la instituci\u00f3n atraviesa graves carencias, no tiene apoyos ni siquiera para los conciertos dominicales, una antigua tradici\u00f3n en la capital, y por lo cual sus presentaciones son espor\u00e1dicas.<\/p>\n\n\n\n<p>Tuvo adem\u00e1s una larga protesta, de m\u00e1s de una semana, por parte de sindicalizados, quienes le tomaron el edificio para presionar a que respetara los derechos laborales; al final cedi\u00f3 de nuevo.<\/p>\n\n\n\n<p>O crisis en que ha optado por hacerse a un lado, como por ejemplo, en el tema del Museo de Arte Contempor\u00e1neo de Oaxaca, tuvo que ser el consejero Jur\u00eddico, Geovany V\u00e1squez quien intervino para&nbsp;<\/p>\n\n\n\n<p>Ello sin contar los esc\u00e1ndalos en que se ha visto involucrado, como lo ha rese\u00f1ado el portal \u201cEstado 20\u201d, en que ha elegido restaurantes de renombre para festejar sus \u201clogros\u201d. Como el de Lila Downs, quien la recomend\u00f3 en el cargo.<\/p>\n\n\n\n<p>Y EL COLMO<\/p>\n\n\n\n<p>La cereza del pastel fue dejar en manos del empresario Guillermo Quijas, a petici\u00f3n de Alfredo Harp, la organizaci\u00f3n de la edici\u00f3n n\u00famero 43 de este supuesto encuentro literario.<\/p>\n\n\n\n<p>Quijas ha recibido en los \u00faltimos a\u00f1os, desde que se ha encargado de la organizaci\u00f3n, cuantiosas cantidades de dinero, federal, estatal y municipal, para la organizaci\u00f3n de la FILO, sin detallar p\u00fablicamente la manera en que ha gastado el dinero del erario.<\/p>\n\n\n\n<p>Tan s\u00f3lo este a\u00f1o, el gobernador Salom\u00f3n Jara confirm\u00f3 que la administraci\u00f3n estatal aport\u00f3 tres millones de pesos, mientras que el ayuntamiento que preside Francisco Mart\u00ednez Neri, alrededor de 400 mil pesos; a\u00fan falta por desglosar el dinero federal.<\/p>\n\n\n\n<p>De todos es conocido que las \u00fanicas librer\u00edas y editoriales que abarcan la mayor\u00eda de los locales de la Feria son de Quijas, que se ha convertido en un boyante editor y empresario.<\/p>\n\n\n\n<p>En sexenios priistas o de cualquier color, ha recibido sumas cuantiosas, mientras la calidad de los invitados va en decadencia. Este a\u00f1o el declive se confirm\u00f3 con la escasa asistencia de visitantes y hubo que llevar por la ma\u00f1ana, todos los d\u00edas, a estudiantes para crecer la afluencia.<\/p>\n\n\n\n<p>Para reducir los costos de las contrataciones, de acuerdo con testimonios de los trabajadores, Quijas ocupa a todo su personal para toda clase de actividades, por el mismo pago de empleados.<\/p>\n\n\n\n<p>Y V\u00edctor Cata no movi\u00f3 un \u00e1pice ni chist\u00f3 en la organizaci\u00f3n de la primera Feria del Libro en la \u201cprimavera oaxaque\u00f1a\u201d; a lo mucho, pudo imponer algunas conferencias de funcionarios, nada relacionados con la literatura.<\/p>\n\n\n\n<p>Indudablemente que fue un tino la designaci\u00f3n de V\u00edctor Cata al frente de la Secretar\u00eda de las Culturas, pero su prestigio y preparaci\u00f3n profesional en poco ha ayudado a hacer algo diferente, algo nuevo, para bien del sector.<\/p>\n\n\n\n<p>Y no hay esperanzas de que la situaci\u00f3n mejore, pues arguye falta de capacidad presupuestal, como lo ha hecho la mayor\u00eda de ex titulares.<\/p>\n\n\n\n<p>Este a\u00f1o le asignaron a la Seculta 244 millones 123 mil 420 pesos, pero la gran mayor\u00eda se destina para pagos de la burocracia y hay un m\u00ednimo de margen para gastos operativos\u2026 como m\u00ednima es la intenci\u00f3n de V\u00edctor Cata para hacer algo distinto por la cultura oaxaque\u00f1a.<\/p>\n","protected":false},"excerpt":{"rendered":"<p>Ismael Garc\u00eda M.\/Zona Roja. Oaxaca de Ju\u00e1rez, Oax., a 30 de octubre de 2023.- El&hellip;<\/p>\n","protected":false},"author":2,"featured_media":41735,"comment_status":"closed","ping_status":"open","sticky":false,"template":"","format":"standard","meta":{"_lmt_disableupdate":"","_lmt_disable":"","_jetpack_memberships_contains_paid_content":false,"footnotes":""},"categories":[456,109,48],"tags":[1353],"class_list":["post-61515","post","type-post","status-publish","format-standard","has-post-thumbnail","hentry","category-columna","category-minuto-a-minuto","category-zona-critica","tag-opinion-zona-critica"],"jetpack_featured_media_url":"https:\/\/zonaroja.com.mx\/wp-content\/uploads\/2022\/05\/Opinion-Ismael-Garcia-M.jpg","jetpack_sharing_enabled":true,"_links":{"self":[{"href":"https:\/\/zonaroja.com.mx\/index.php?rest_route=\/wp\/v2\/posts\/61515","targetHints":{"allow":["GET"]}}],"collection":[{"href":"https:\/\/zonaroja.com.mx\/index.php?rest_route=\/wp\/v2\/posts"}],"about":[{"href":"https:\/\/zonaroja.com.mx\/index.php?rest_route=\/wp\/v2\/types\/post"}],"author":[{"embeddable":true,"href":"https:\/\/zonaroja.com.mx\/index.php?rest_route=\/wp\/v2\/users\/2"}],"replies":[{"embeddable":true,"href":"https:\/\/zonaroja.com.mx\/index.php?rest_route=%2Fwp%2Fv2%2Fcomments&post=61515"}],"version-history":[{"count":1,"href":"https:\/\/zonaroja.com.mx\/index.php?rest_route=\/wp\/v2\/posts\/61515\/revisions"}],"predecessor-version":[{"id":61516,"href":"https:\/\/zonaroja.com.mx\/index.php?rest_route=\/wp\/v2\/posts\/61515\/revisions\/61516"}],"wp:featuredmedia":[{"embeddable":true,"href":"https:\/\/zonaroja.com.mx\/index.php?rest_route=\/wp\/v2\/media\/41735"}],"wp:attachment":[{"href":"https:\/\/zonaroja.com.mx\/index.php?rest_route=%2Fwp%2Fv2%2Fmedia&parent=61515"}],"wp:term":[{"taxonomy":"category","embeddable":true,"href":"https:\/\/zonaroja.com.mx\/index.php?rest_route=%2Fwp%2Fv2%2Fcategories&post=61515"},{"taxonomy":"post_tag","embeddable":true,"href":"https:\/\/zonaroja.com.mx\/index.php?rest_route=%2Fwp%2Fv2%2Ftags&post=61515"}],"curies":[{"name":"wp","href":"https:\/\/api.w.org\/{rel}","templated":true}]}}