{"id":61517,"date":"2023-10-30T07:29:59","date_gmt":"2023-10-30T13:29:59","guid":{"rendered":"http:\/\/www.zonaroja.com.mx\/?p=61517"},"modified":"2023-10-30T07:30:02","modified_gmt":"2023-10-30T13:30:02","slug":"depresion-tropical-se-convierte-en-tormenta-tropical-y-amenaza-a-oaxaca","status":"publish","type":"post","link":"https:\/\/zonaroja.com.mx\/?p=61517","title":{"rendered":"Depresi\u00f3n Tropical se convierte en Tormenta Tropical y amenaza a Oaxaca"},"content":{"rendered":"\n<p>Redacci\u00f3n\/Zona Roja.<\/p>\n\n\n\n<p>Oaxaca de Ju\u00e1rez, Oax., 30 de octubre de 2023.- La Coordinaci\u00f3n Estatal de Protecci\u00f3n Civil y Gesti\u00f3n de Riesgos, inform\u00f3 que la noche de este domingo se form\u00f3 la Tormenta Tropical \u201cPilar\u201d, frente a las costas de Guatemala.<\/p>\n\n\n\n<p>De acuerdo con el reporte de las 21:00 horas, la Depresi\u00f3n Tropical 19-E, evolucion\u00f3 a Tormenta Tropical, cuyo centro se localiz\u00f3 a 385 kil\u00f3metros al sur de la desembocadura del r\u00edo \u201cSuchiate\u201d, frontera M\u00e9xico con Guatemala y a 425 kilometros al suroeste de San Salvador, El Salvador.<\/p>\n\n\n\n<p>Sus bandas nubosas ocasionar\u00e1n lluvias con tormentas en algunos sectores de las regiones del Istmo y Costa, as\u00ed como oleaje elevado y rachas de viento en aguas del Golfo de Tehuantepec.<\/p>\n\n\n\n<p>La Coordinaci\u00f3n Estatal da seguimiento al protocolo de alertamiento por ciclones tropicales e informar\u00e1 puntualmente la evoluci\u00f3n de la Tormenta Tropical Pilar.&nbsp;<\/p>\n\n\n\n<p>La CEPCyGR exhorta a la poblaci\u00f3n a tomar precauciones y seguir las recomendaciones de Protecci\u00f3n Civil y Capitan\u00edas de Puerto; as\u00ed como a mantenerse informada a trav\u00e9s de los medios y redes sociales oficiales: Facebook @CEPCYGRGobOax y Twitter @CEPCyGR_GobOax.<\/p>\n","protected":false},"excerpt":{"rendered":"<p>Redacci\u00f3n\/Zona Roja. Oaxaca de Ju\u00e1rez, Oax., 30 de octubre de 2023.- La Coordinaci\u00f3n Estatal de&hellip;<\/p>\n","protected":false},"author":2,"featured_media":61518,"comment_status":"closed","ping_status":"open","sticky":false,"template":"","format":"standard","meta":{"_lmt_disableupdate":"","_lmt_disable":"","_jetpack_memberships_contains_paid_content":false,"footnotes":""},"categories":[109,47],"tags":[3153],"class_list":["post-61517","post","type-post","status-publish","format-standard","has-post-thumbnail","hentry","category-minuto-a-minuto","category-zona-gris","tag-lluvias-tormentas-tropicales-y-huracanes"],"jetpack_featured_media_url":"https:\/\/zonaroja.com.mx\/wp-content\/uploads\/2023\/10\/Tormenta-Tropical.jpg","jetpack_sharing_enabled":true,"_links":{"self":[{"href":"https:\/\/zonaroja.com.mx\/index.php?rest_route=\/wp\/v2\/posts\/61517","targetHints":{"allow":["GET"]}}],"collection":[{"href":"https:\/\/zonaroja.com.mx\/index.php?rest_route=\/wp\/v2\/posts"}],"about":[{"href":"https:\/\/zonaroja.com.mx\/index.php?rest_route=\/wp\/v2\/types\/post"}],"author":[{"embeddable":true,"href":"https:\/\/zonaroja.com.mx\/index.php?rest_route=\/wp\/v2\/users\/2"}],"replies":[{"embeddable":true,"href":"https:\/\/zonaroja.com.mx\/index.php?rest_route=%2Fwp%2Fv2%2Fcomments&post=61517"}],"version-history":[{"count":1,"href":"https:\/\/zonaroja.com.mx\/index.php?rest_route=\/wp\/v2\/posts\/61517\/revisions"}],"predecessor-version":[{"id":61519,"href":"https:\/\/zonaroja.com.mx\/index.php?rest_route=\/wp\/v2\/posts\/61517\/revisions\/61519"}],"wp:featuredmedia":[{"embeddable":true,"href":"https:\/\/zonaroja.com.mx\/index.php?rest_route=\/wp\/v2\/media\/61518"}],"wp:attachment":[{"href":"https:\/\/zonaroja.com.mx\/index.php?rest_route=%2Fwp%2Fv2%2Fmedia&parent=61517"}],"wp:term":[{"taxonomy":"category","embeddable":true,"href":"https:\/\/zonaroja.com.mx\/index.php?rest_route=%2Fwp%2Fv2%2Fcategories&post=61517"},{"taxonomy":"post_tag","embeddable":true,"href":"https:\/\/zonaroja.com.mx\/index.php?rest_route=%2Fwp%2Fv2%2Ftags&post=61517"}],"curies":[{"name":"wp","href":"https:\/\/api.w.org\/{rel}","templated":true}]}}