{"id":61520,"date":"2023-10-30T08:30:00","date_gmt":"2023-10-30T14:30:00","guid":{"rendered":"http:\/\/www.zonaroja.com.mx\/?p=61520"},"modified":"2023-10-30T08:46:58","modified_gmt":"2023-10-30T14:46:58","slug":"huracan-otis-deja-frustracion-y-desesperacion-faltan-alimentos-y-servicios-basicos-en-acapulco","status":"publish","type":"post","link":"https:\/\/zonaroja.com.mx\/?p=61520","title":{"rendered":"Hurac\u00e1n \u2018Otis\u2019 deja frustraci\u00f3n y desesperaci\u00f3n; faltan alimentos y servicios b\u00e1sicos en Acapulco"},"content":{"rendered":"\n<p>Redacci\u00f3n\/Zona Roja Cdmx.<\/p>\n\n\n\n<p>Ciudad de M\u00e9xico, a 30 de octubre de 2023.- La frustraci\u00f3n y desesperaci\u00f3n crecen entre los habitantes de la ciudad de Acapulco, tras cinco d\u00edas del golpe del devastador hurac\u00e1n \u2018Otis\u2019, debido a la falta de alimentos y servicios b\u00e1sicos, en medio de un llamado del presidente mexicano, Andr\u00e9s Manuel L\u00f3pez Obrador, al \u201corden y rectitud\u201d entre la poblaci\u00f3n del destino para \u201calcanzar la haza\u00f1a de poner a Acapulco de pie\u201d.<\/p>\n\n\n\n<p>Hasta ahora la emergencia provocada tras impacto del cicl\u00f3n \u2018Otis\u2019, que entr\u00f3 como hurac\u00e1n de categor\u00eda 5 el pasado mi\u00e9rcoles 25 de octubre a Acapulco, ha dejado 48 fallecidos, adem\u00e1s de 36 desaparecidos, seg\u00fan reportes del Gobierno mexicano.<\/p>\n\n\n\n<p>\u201cHago un llamado a todo el pueblo de Acapulco, que siempre ha sido muy solidario y luchador para que en estos momentos dif\u00edciles sigamos actuando con rectitud y orden (tenemos) que organizarnos para que se tengan cubiertas las necesidades b\u00e1sicas\u201d, dijo este domingo el presidente Andr\u00e9s Manuel L\u00f3pez Obrador, en un video publicado en sus redes sociales.<\/p>\n\n\n\n<p>Tambi\u00e9n asegur\u00f3 que \u201cse va a reactivar pronto toda la actividad econ\u00f3mica, tur\u00edstica y comercial\u201d y adelant\u00f3 que este lunes 30 de octubre estar\u00e1n en el destino tur\u00edstico dos subsecretarios de la Secretar\u00eda (Ministerio) de Hacienda y el director del Servicio de Administraci\u00f3n Tributaria (SAT).<\/p>\n\n\n\n<p>Adem\u00e1s, expuso que invit\u00f3 a representantes de los bancos, del sector empresarial \u201cpara que todos juntos todos pongamos de pie a Acapulco (&#8230;) vamos a hacer la haza\u00f1a, entre todos, de poner de pie de nuevo Acapulco, empezando por su pueblo, por los m\u00e1s pobres y m\u00e1s necesitados\u201d.<\/p>\n\n\n\n<p>Desde el viernes 27 de octubre por la tarde, unos 10,000 agentes del Ej\u00e9rcito, de la Marina y la Guardia Nacional (GN) buscan poner orden entre una poblaci\u00f3n desesperada y frustrada por la falta de agua y alimentos, adem\u00e1s de la falta de energ\u00eda el\u00e9ctrica, telecomunicaciones y escasez de combustibles.<\/p>\n\n\n\n<p>Los agentes adem\u00e1s de vigilar y desalentar posibles saqueos o actos delictivos trabajan en la remoci\u00f3n de veh\u00edculos, escombros, postes, \u00e1rboles y otros obst\u00e1culos para despejar las zonas afectadas.<\/p>\n\n\n\n<p>AUMENTAN V\u00cdCTIMAS<\/p>\n\n\n\n<p>Tras cinco d\u00edas del impacto, la cifra de fallecidos subi\u00f3 a 48, adem\u00e1s de 36 desaparecidos, inform\u00f3 este domingo el Gobierno de M\u00e9xico.<\/p>\n\n\n\n<p>En el \u201cInforme del cuarto d\u00eda de trabajos que realiza el Gobierno de M\u00e9xico para recuperaci\u00f3n y atenci\u00f3n a la poblaci\u00f3n afectada por el hurac\u00e1n \u2018Otis\u2019\u201d, distribuido a medios, se apunt\u00f3 el nuevo n\u00famero de personas muertas en el apartado denominado afectaciones.<\/p>\n\n\n\n<p>\u201c48 personas fallecidas. 43 en Acapulco de Ju\u00e1rez y cinco en Coyuca de Ben\u00edtez\u201d, precis\u00f3 el documento.<\/p>\n\n\n\n<p>Tres horas antes, la gobernadora de Guerrero, Evelyn Salgado, hab\u00eda dicho a L\u00f3pez Obrador que eran 43 los fallecidos, en un cifra preliminar.<\/p>\n\n\n\n<p>Adem\u00e1s, le dijo que se trabaja en \u201cla localizaci\u00f3n de m\u00e1s personas en coordinaci\u00f3n con la Comisi\u00f3n Nacional y Estatal de Derechos Humanos y con la Comisi\u00f3n Nacional de B\u00fasqueda\u201d.<\/p>\n\n\n\n<p>El reporte de v\u00edctimas ha sido lento ya que tras cuatro d\u00edas del azote de Otis las autoridades no han llegado a todas las zonas afectadas por el hurac\u00e1n, luego de que pr\u00e1cticamente toda la Costa Sur de Guerrero quedara incomunicada por cerca de 24 horas tras el impacto de Otis.<\/p>\n\n\n\n<p>RESUCITAR\u00c1 ACAPULCO<\/p>\n\n\n\n<p>n el video emitido en redes sociales, L\u00f3pez Obrador record\u00f3 que todos los titulares de las secretar\u00edas de Estado est\u00e1n en el destino, en coordinaci\u00f3n con las autoridades estatales y municipales, \u201cpara restaurar, restablecer, poner de pie a Acapulco lo m\u00e1s pronto posible\u201d.<\/p>\n\n\n\n<p>El mandatario, quien avis\u00f3 que por la tarde de este domingo estar\u00eda en Acapulco para una nueva evaluaci\u00f3n de la emergencia, comparti\u00f3 que la Comisi\u00f3n Federal de Electricidad (CFE) ya restableci\u00f3 3,211 postes de luz de los m\u00e1s de 10,000 que derrib\u00f3 el cicl\u00f3n y que \u201cel lunes por la noche van a tener electrificado de nuevo todo Acapulco\u201d.<\/p>\n\n\n\n<p>En tanto, la Secretar\u00eda de Infraestructura, Comunicaciones y Transportes (SICT) inform\u00f3 que las afectaciones en la red carretera del estado de Guerrero que presentaron da\u00f1os por el hurac\u00e1n \u2018Otis\u2019 estar\u00e1n resueltas este domingo y \u201cquedar\u00e1n habilitadas las principales carreteras de cuota y de libre peaje, por lo que se restablecer\u00e1 el tr\u00e1nsito\u201d.<\/p>\n\n\n\n<p>Mientras que la Secretar\u00eda de Turismo indic\u00f3 que el s\u00e1bado 28 de octubre concluy\u00f3 la evacuaci\u00f3n de unos 12,500 turistas que estaban varados en las tres zonas del destino: Diamante, Dorada y Tradicional, de los que un 98 por ciento era turistas mexicanos.<\/p>\n\n\n\n<p>Las empresas de telecomunicaciones Telmex y Telcel avisaron que est\u00e1 100 por ciento restaurada la red dorsal Telmex que brinda conectividad a Acapulco y tiene un avance del 41 por ciento de restablecimiento en la red Telcel de Acapulco, adem\u00e1s un avance del 33 por ciento en la restauraci\u00f3n de radio bases.<\/p>\n\n\n\n<p>El cicl\u00f3n \u2018Otis\u2019 se intensific\u00f3 en menos de 12 horas de tormenta tropical a hurac\u00e1n categor\u00eda 5 para convertirse en uno de los m\u00e1s potentes en la historia en el Oc\u00e9ano Pac\u00edfico.<\/p>\n\n\n\n<p>(Informaci\u00f3n de EFE en \u201cEl Financiero\u201d)<\/p>\n","protected":false},"excerpt":{"rendered":"<p>Redacci\u00f3n\/Zona Roja Cdmx. Ciudad de M\u00e9xico, a 30 de octubre de 2023.- La frustraci\u00f3n y&hellip;<\/p>\n","protected":false},"author":2,"featured_media":61521,"comment_status":"closed","ping_status":"open","sticky":false,"template":"","format":"standard","meta":{"_lmt_disableupdate":"","_lmt_disable":"","_jetpack_memberships_contains_paid_content":false,"footnotes":""},"categories":[109,47],"tags":[3713],"class_list":["post-61520","post","type-post","status-publish","format-standard","has-post-thumbnail","hentry","category-minuto-a-minuto","category-zona-gris","tag-huracan-otis"],"jetpack_featured_media_url":"https:\/\/zonaroja.com.mx\/wp-content\/uploads\/2023\/10\/Viveres-y-despensas-Otis-Acapulco-Guerrero.jpeg","jetpack_sharing_enabled":true,"_links":{"self":[{"href":"https:\/\/zonaroja.com.mx\/index.php?rest_route=\/wp\/v2\/posts\/61520","targetHints":{"allow":["GET"]}}],"collection":[{"href":"https:\/\/zonaroja.com.mx\/index.php?rest_route=\/wp\/v2\/posts"}],"about":[{"href":"https:\/\/zonaroja.com.mx\/index.php?rest_route=\/wp\/v2\/types\/post"}],"author":[{"embeddable":true,"href":"https:\/\/zonaroja.com.mx\/index.php?rest_route=\/wp\/v2\/users\/2"}],"replies":[{"embeddable":true,"href":"https:\/\/zonaroja.com.mx\/index.php?rest_route=%2Fwp%2Fv2%2Fcomments&post=61520"}],"version-history":[{"count":1,"href":"https:\/\/zonaroja.com.mx\/index.php?rest_route=\/wp\/v2\/posts\/61520\/revisions"}],"predecessor-version":[{"id":61522,"href":"https:\/\/zonaroja.com.mx\/index.php?rest_route=\/wp\/v2\/posts\/61520\/revisions\/61522"}],"wp:featuredmedia":[{"embeddable":true,"href":"https:\/\/zonaroja.com.mx\/index.php?rest_route=\/wp\/v2\/media\/61521"}],"wp:attachment":[{"href":"https:\/\/zonaroja.com.mx\/index.php?rest_route=%2Fwp%2Fv2%2Fmedia&parent=61520"}],"wp:term":[{"taxonomy":"category","embeddable":true,"href":"https:\/\/zonaroja.com.mx\/index.php?rest_route=%2Fwp%2Fv2%2Fcategories&post=61520"},{"taxonomy":"post_tag","embeddable":true,"href":"https:\/\/zonaroja.com.mx\/index.php?rest_route=%2Fwp%2Fv2%2Ftags&post=61520"}],"curies":[{"name":"wp","href":"https:\/\/api.w.org\/{rel}","templated":true}]}}