{"id":61523,"date":"2023-10-30T09:30:00","date_gmt":"2023-10-30T15:30:00","guid":{"rendered":"http:\/\/www.zonaroja.com.mx\/?p=61523"},"modified":"2023-10-30T09:41:35","modified_gmt":"2023-10-30T15:41:35","slug":"por-intentar-asesinar-a-su-madre-logra-fiscalia-fallo-contra-agresor-de-juchitan","status":"publish","type":"post","link":"https:\/\/zonaroja.com.mx\/?p=61523","title":{"rendered":"Por intentar asesinar a su madre, logra Fiscal\u00eda fallo contra agresor de Juchit\u00e1n"},"content":{"rendered":"\n<p>Redacci\u00f3n\/Zona Roja.&nbsp;<\/p>\n\n\n\n<p>Oaxaca de Ju\u00e1rez, Oax., a 30 de octubre de 2023.- Como parte de las acciones que tienen como eje procurar justicia a las mujeres v\u00edctimas directas e indirectas de delitos por raz\u00f3n de g\u00e9nero, la Fiscal\u00eda General del Estado de Oaxaca (FGEO) obtuvo un fallo condenatorio por el delito de Feminicidio Agravado en grado de Tentativa, ocurrido en el Istmo de Tehuantepec.<\/p>\n\n\n\n<p>De acuerdo con la causa penal, el 3 de febrero de 2023, Alberto Agust\u00edn R.M. lleg\u00f3 a la casa de la v\u00edctima -quien es su madre- ubicada en la Sexta Secci\u00f3n de Juchit\u00e1n de Zaragoza, y ah\u00ed pretendi\u00f3 ahorcarla con un rebozo.<\/p>\n\n\n\n<p>Sin embargo, la intervenci\u00f3n de uno de sus familiares y vecinos, impidi\u00f3 el hecho. Tras la detenci\u00f3n del agresor, \u00e9ste fue puesto a disposici\u00f3n de la Vicefiscal\u00eda Regional del Istmo, misma que llev\u00f3 a cabo las investigaciones correspondientes.<\/p>\n\n\n\n<p>Luego de aportar las pruebas suficientes, la FGEO obtuvo del Juez que atiende la causa, el fallo condenatorio por el delito de Feminicidio Agravado en grado de Tentativa, contra Alberto Agust\u00edn R.M., quien deber\u00e1 cumplir una sentencia de 33 a\u00f1os y 4 meses de prisi\u00f3n, as\u00ed como el pago de una multa y la reparaci\u00f3n en abstracto del da\u00f1o.<\/p>\n\n\n\n<p>La Fiscal\u00eda General de Oaxaca ha fortalecido las \u00e1reas de g\u00e9nero en las Vicefiscal\u00edas, as\u00ed como la Fiscal\u00eda Especializada en Atenci\u00f3n a Delitos contra la Mujer en Raz\u00f3n de G\u00e9nero, con el objetivo de que las acciones de procuraci\u00f3n de justicia para las v\u00edctimas directas e indirectas de delitos cometidos contra mujeres, ni\u00f1as y adolescentes sean una constante, en el marco de una pol\u00edtica que promueve una vida libre de violencia hacia este sector social.<\/p>\n","protected":false},"excerpt":{"rendered":"<p>Redacci\u00f3n\/Zona Roja.&nbsp; Oaxaca de Ju\u00e1rez, Oax., a 30 de octubre de 2023.- Como parte de&hellip;<\/p>\n","protected":false},"author":2,"featured_media":61105,"comment_status":"closed","ping_status":"open","sticky":false,"template":"","format":"standard","meta":{"_lmt_disableupdate":"","_lmt_disable":"","_jetpack_memberships_contains_paid_content":false,"footnotes":""},"categories":[109,46],"tags":[494],"class_list":["post-61523","post","type-post","status-publish","format-standard","has-post-thumbnail","hentry","category-minuto-a-minuto","category-zona-blanca","tag-fiscalia-general-del-estado-de-oaxaca"],"jetpack_featured_media_url":"https:\/\/zonaroja.com.mx\/wp-content\/uploads\/2023\/10\/Prision-carcel-2.jpeg","jetpack_sharing_enabled":true,"_links":{"self":[{"href":"https:\/\/zonaroja.com.mx\/index.php?rest_route=\/wp\/v2\/posts\/61523","targetHints":{"allow":["GET"]}}],"collection":[{"href":"https:\/\/zonaroja.com.mx\/index.php?rest_route=\/wp\/v2\/posts"}],"about":[{"href":"https:\/\/zonaroja.com.mx\/index.php?rest_route=\/wp\/v2\/types\/post"}],"author":[{"embeddable":true,"href":"https:\/\/zonaroja.com.mx\/index.php?rest_route=\/wp\/v2\/users\/2"}],"replies":[{"embeddable":true,"href":"https:\/\/zonaroja.com.mx\/index.php?rest_route=%2Fwp%2Fv2%2Fcomments&post=61523"}],"version-history":[{"count":1,"href":"https:\/\/zonaroja.com.mx\/index.php?rest_route=\/wp\/v2\/posts\/61523\/revisions"}],"predecessor-version":[{"id":61524,"href":"https:\/\/zonaroja.com.mx\/index.php?rest_route=\/wp\/v2\/posts\/61523\/revisions\/61524"}],"wp:featuredmedia":[{"embeddable":true,"href":"https:\/\/zonaroja.com.mx\/index.php?rest_route=\/wp\/v2\/media\/61105"}],"wp:attachment":[{"href":"https:\/\/zonaroja.com.mx\/index.php?rest_route=%2Fwp%2Fv2%2Fmedia&parent=61523"}],"wp:term":[{"taxonomy":"category","embeddable":true,"href":"https:\/\/zonaroja.com.mx\/index.php?rest_route=%2Fwp%2Fv2%2Fcategories&post=61523"},{"taxonomy":"post_tag","embeddable":true,"href":"https:\/\/zonaroja.com.mx\/index.php?rest_route=%2Fwp%2Fv2%2Ftags&post=61523"}],"curies":[{"name":"wp","href":"https:\/\/api.w.org\/{rel}","templated":true}]}}