{"id":61525,"date":"2023-10-30T11:30:00","date_gmt":"2023-10-30T17:30:00","guid":{"rendered":"http:\/\/www.zonaroja.com.mx\/?p=61525"},"modified":"2023-10-30T11:54:37","modified_gmt":"2023-10-30T17:54:37","slug":"el-mini-lic-homicida-intelectual-de-javier-valdez-esta-libre-y-da-entrevistas","status":"publish","type":"post","link":"https:\/\/zonaroja.com.mx\/?p=61525","title":{"rendered":"El \u2018Mini Lic\u2019, homicida intelectual de Javier Valdez, est\u00e1 libre y da entrevistas"},"content":{"rendered":"\n<p>Redacci\u00f3n\/Zona Roja Cdmx.<\/p>\n\n\n\n<p>Ciudad de M\u00e9xico, a 30 de octubre de 2023.- Aunque desde enero de 2020, la Fiscal\u00eda General de la Rep\u00fablica (FGR) obtuvo orden de aprehensi\u00f3n contra D\u00e1maso L\u00f3pez Serrano, alias \u2018el Mini Lic\u2019, quien est\u00e1 acusado de ser el autor intelectual del asesinato del periodista Javier Valdez, el narcotraficante mexicano reapareci\u00f3 en libertad para dar entrevistas exclusivas a medios nacionales mexicanos.<\/p>\n\n\n\n<p>L\u00f3pez Serrano, hijo del narcotraficante mexicano D\u00e1maso L\u00f3pez N\u00fa\u00f1ez, apareci\u00f3 en dichas entrevistas luciendo delgado, con gafas oscuras y vestido con ropa de marca.<\/p>\n\n\n\n<p>En septiembre, de 2022, el Departamento de Justicia de los Estados Unidos inform\u00f3 que D\u00e1maso L\u00f3pez Serrano era procesado por varios delitos en ese pa\u00eds. Sin embargo, poco m\u00e1s de un a\u00f1o despu\u00e9s, porta traje y saco en sus encuentros con periodistas mexicanos.<\/p>\n\n\n\n<p>Las autoridades mexicanas llevan m\u00e1s de dos a\u00f1os realizando las gestiones necesarias para obtener la extradici\u00f3n de L\u00f3pez Serrano, quien se entreg\u00f3 a las autoridades de los Estados Unidos en julio de 2017.<\/p>\n\n\n\n<p>Apenas en mayo de 2023, el gobernador del estado de Sinaloa, Rub\u00e9n Rocha Moya, pidi\u00f3 que la Secretar\u00eda de Relaciones Exteriores (SRE) solicite la extradici\u00f3n de L\u00f3pez Serrano.<\/p>\n\n\n\n<p>Sin embargo, a seis a\u00f1os del asesinato del periodista mexicano Javier Vald\u00e9z C\u00e1rdenas, fundador de R\u00edodoce, ocurrido el 15 de mayo de 2017, en Culiac\u00e1n, Sinaloa, la extradici\u00f3n del &#8216;Mini Lic&#8217; no ha avanzado.<\/p>\n\n\n\n<p>LAS ENTREVISTAS<\/p>\n\n\n\n<p>En las entrevista que el narcotraficante concedi\u00f3 a los periodistas Luis Chaparro y Anabel Hern\u00e1ndez y que fueron publicadas en Proceso y a Milenio, el amigo, socio y luego rival de &#8216;Los Chapitos&#8217; revel\u00f3 la forma en que los hijos de Joaqu\u00edn Guzm\u00e1n Loera reformularon el imperio de tr\u00e1fico de drogas heredado de su padre, c\u00f3mo idearon el trasiego del fentanilo y la variedad de actividades criminales que realizan.<\/p>\n\n\n\n<p>El a\u00f1o pasado, la Fiscal\u00eda General de la Rep\u00fablica (FGR) se\u00f1al\u00f3 que insistir\u00eda en su extradici\u00f3n hacia M\u00e9xico, por presunta autor\u00eda intelectual del homicidio del periodista Javier Valdez.<\/p>\n\n\n\n<p>Antes, Griselda Triana, viuda de Javier Valdez C\u00e1rdenas, lament\u00f3 que autoridades estadounidenses pudieran tener un acuerdo con D\u00e1maso L\u00f3pez Serrano.<\/p>\n\n\n\n<p>\u201cEste sujeto fue el que orden\u00f3 asesinar a Javier, y en cuesti\u00f3n de horas quedar\u00e1 libre para convertirse en testigo protegido en los Estados Unidos. D\u00e1maso L\u00f3pez Serrano dice estar arrepentido de sus acciones y no quiere volver a M\u00e9xico porque tiene miedo de que lo maten\u201d, dijo Triana.<\/p>\n\n\n\n<p>\u201c\u00bfY la justicia para Javier? \u00bfY sus colegas periodistas? \u00bfY nuestro dolor? \u00a1Qu\u00e9 asco!\u201d, se\u00f1al\u00f3.<\/p>\n\n\n\n<p>De acuerdo con medios nacionales mexicanos, D\u00e1maso dej\u00f3 la c\u00e1rcel en septiembre de este a\u00f1o.<\/p>\n\n\n\n<p>(Informaci\u00f3n de \u201cExpansi\u00f3n Pol\u00edtica\u201d)<\/p>\n","protected":false},"excerpt":{"rendered":"<p>Redacci\u00f3n\/Zona Roja Cdmx. Ciudad de M\u00e9xico, a 30 de octubre de 2023.- Aunque desde enero&hellip;<\/p>\n","protected":false},"author":2,"featured_media":61526,"comment_status":"closed","ping_status":"open","sticky":false,"template":"","format":"standard","meta":{"_lmt_disableupdate":"","_lmt_disable":"","_jetpack_memberships_contains_paid_content":false,"footnotes":""},"categories":[109,47],"tags":[],"class_list":["post-61525","post","type-post","status-publish","format-standard","has-post-thumbnail","hentry","category-minuto-a-minuto","category-zona-gris"],"jetpack_featured_media_url":"https:\/\/zonaroja.com.mx\/wp-content\/uploads\/2023\/10\/El-mini-lic-y-javier-Valdez.png","jetpack_sharing_enabled":true,"_links":{"self":[{"href":"https:\/\/zonaroja.com.mx\/index.php?rest_route=\/wp\/v2\/posts\/61525","targetHints":{"allow":["GET"]}}],"collection":[{"href":"https:\/\/zonaroja.com.mx\/index.php?rest_route=\/wp\/v2\/posts"}],"about":[{"href":"https:\/\/zonaroja.com.mx\/index.php?rest_route=\/wp\/v2\/types\/post"}],"author":[{"embeddable":true,"href":"https:\/\/zonaroja.com.mx\/index.php?rest_route=\/wp\/v2\/users\/2"}],"replies":[{"embeddable":true,"href":"https:\/\/zonaroja.com.mx\/index.php?rest_route=%2Fwp%2Fv2%2Fcomments&post=61525"}],"version-history":[{"count":1,"href":"https:\/\/zonaroja.com.mx\/index.php?rest_route=\/wp\/v2\/posts\/61525\/revisions"}],"predecessor-version":[{"id":61527,"href":"https:\/\/zonaroja.com.mx\/index.php?rest_route=\/wp\/v2\/posts\/61525\/revisions\/61527"}],"wp:featuredmedia":[{"embeddable":true,"href":"https:\/\/zonaroja.com.mx\/index.php?rest_route=\/wp\/v2\/media\/61526"}],"wp:attachment":[{"href":"https:\/\/zonaroja.com.mx\/index.php?rest_route=%2Fwp%2Fv2%2Fmedia&parent=61525"}],"wp:term":[{"taxonomy":"category","embeddable":true,"href":"https:\/\/zonaroja.com.mx\/index.php?rest_route=%2Fwp%2Fv2%2Fcategories&post=61525"},{"taxonomy":"post_tag","embeddable":true,"href":"https:\/\/zonaroja.com.mx\/index.php?rest_route=%2Fwp%2Fv2%2Ftags&post=61525"}],"curies":[{"name":"wp","href":"https:\/\/api.w.org\/{rel}","templated":true}]}}