{"id":61528,"date":"2023-10-30T14:30:00","date_gmt":"2023-10-30T20:30:00","guid":{"rendered":"http:\/\/www.zonaroja.com.mx\/?p=61528"},"modified":"2023-10-30T08:01:31","modified_gmt":"2023-10-30T14:01:31","slug":"detectan-caso-de-influenza-aviar-altamente-contagioso","status":"publish","type":"post","link":"https:\/\/zonaroja.com.mx\/?p=61528","title":{"rendered":"Detectan caso de influenza aviar altamente contagioso"},"content":{"rendered":"\n<p>Redacci\u00f3n\/Zona Roja Cdmx.<\/p>\n\n\n\n<p>Ciudad de M\u00e9xico, a 30 de octubre de 2023.- El Servicio Nacional de Sanidad, Inocuidad y Calidad Agroalimentaria (Senasica) detect\u00f3 el primer caso de influenza aviar de alta patogenicidad AH5 de esta temporada en una unidad de producci\u00f3n av\u00edcola de Cajeme, Sonora, por lo que 15 mil aves fueron sacrificadas.<\/p>\n\n\n\n<p>En este sentido, se alista una estrategia de vacunaci\u00f3n que puede comenzar en los primeros d\u00edas de noviembre, en zonas de alto riesgo zoosanitario y en granjas que se dedican a la crianza de gallinas progenitoras y reproductoras, ya que son fundamentales para preservar la producci\u00f3n de carne de pollo y huevo para el abasto nacional, subray\u00f3.<\/p>\n\n\n\n<p>La Secretar\u00eda de Agricultura y Desarrollo Rural indic\u00f3 que tras detectarse el virus, los t\u00e9cnicos de la Comisi\u00f3n M\u00e9xico-Estados Unidos del Senasica se movilizaron a la zona, para realizar el diagn\u00f3stico de la situaci\u00f3n y aplicar las medidas contraepid\u00e9micas necesarias para contener la dispersi\u00f3n del virus.<\/p>\n\n\n\n<p>Entre las primeras medidas adoptadas, la Direcci\u00f3n General de Salud Animal declar\u00f3 cuarentena definitiva a la granja afectada y a Sonora en cuarentena interna, por lo que para movilizar aves es necesario presentar prueba PCR que demuestre la ausencia de la enfermedad.<\/p>\n\n\n\n<p>(Informaci\u00f3n de \u201cLa Jornada\u201d)<\/p>\n","protected":false},"excerpt":{"rendered":"<p>Redacci\u00f3n\/Zona Roja Cdmx. Ciudad de M\u00e9xico, a 30 de octubre de 2023.- El Servicio Nacional&hellip;<\/p>\n","protected":false},"author":2,"featured_media":61529,"comment_status":"closed","ping_status":"open","sticky":false,"template":"","format":"standard","meta":{"_lmt_disableupdate":"","_lmt_disable":"","_jetpack_memberships_contains_paid_content":false,"footnotes":""},"categories":[109,47],"tags":[],"class_list":["post-61528","post","type-post","status-publish","format-standard","has-post-thumbnail","hentry","category-minuto-a-minuto","category-zona-gris"],"jetpack_featured_media_url":"https:\/\/zonaroja.com.mx\/wp-content\/uploads\/2023\/10\/Gripe-aviar.jpeg","jetpack_sharing_enabled":true,"_links":{"self":[{"href":"https:\/\/zonaroja.com.mx\/index.php?rest_route=\/wp\/v2\/posts\/61528","targetHints":{"allow":["GET"]}}],"collection":[{"href":"https:\/\/zonaroja.com.mx\/index.php?rest_route=\/wp\/v2\/posts"}],"about":[{"href":"https:\/\/zonaroja.com.mx\/index.php?rest_route=\/wp\/v2\/types\/post"}],"author":[{"embeddable":true,"href":"https:\/\/zonaroja.com.mx\/index.php?rest_route=\/wp\/v2\/users\/2"}],"replies":[{"embeddable":true,"href":"https:\/\/zonaroja.com.mx\/index.php?rest_route=%2Fwp%2Fv2%2Fcomments&post=61528"}],"version-history":[{"count":1,"href":"https:\/\/zonaroja.com.mx\/index.php?rest_route=\/wp\/v2\/posts\/61528\/revisions"}],"predecessor-version":[{"id":61530,"href":"https:\/\/zonaroja.com.mx\/index.php?rest_route=\/wp\/v2\/posts\/61528\/revisions\/61530"}],"wp:featuredmedia":[{"embeddable":true,"href":"https:\/\/zonaroja.com.mx\/index.php?rest_route=\/wp\/v2\/media\/61529"}],"wp:attachment":[{"href":"https:\/\/zonaroja.com.mx\/index.php?rest_route=%2Fwp%2Fv2%2Fmedia&parent=61528"}],"wp:term":[{"taxonomy":"category","embeddable":true,"href":"https:\/\/zonaroja.com.mx\/index.php?rest_route=%2Fwp%2Fv2%2Fcategories&post=61528"},{"taxonomy":"post_tag","embeddable":true,"href":"https:\/\/zonaroja.com.mx\/index.php?rest_route=%2Fwp%2Fv2%2Ftags&post=61528"}],"curies":[{"name":"wp","href":"https:\/\/api.w.org\/{rel}","templated":true}]}}