{"id":6153,"date":"2019-11-28T15:51:49","date_gmt":"2019-11-28T21:51:49","guid":{"rendered":"http:\/\/www.zonaroja.com.mx\/?p=6153"},"modified":"2019-11-28T15:51:52","modified_gmt":"2019-11-28T21:51:52","slug":"pide-parroco-de-juquila-guardia-nacional-en-la-zona-lamenta-desatencion-gubernamental","status":"publish","type":"post","link":"https:\/\/zonaroja.com.mx\/?p=6153","title":{"rendered":"Pide p\u00e1rroco de Juquila Guardia Nacional en la zona; lamenta desatenci\u00f3n gubernamental"},"content":{"rendered":"\n<p>Redacci\u00f3n\/Zona Roja.<\/p>\n\n\n\n<p>Oaxaca de Ju\u00e1rez, Oax., 28 de noviembre\nde 2019.- Jacinto L\u00f3pez Monta\u00f1o, rector y p\u00e1rroco del santuario de la Virgen de\nJuquila, pidi\u00f3 la presencia de la Guardia Nacional en la zona, a fin de que se\npueda garantizar la seguridad y el libre tr\u00e1nsito de miles de feligreses que\narriban a \u201cEl Pedimento\u201d durante estas fechas.<\/p>\n\n\n\n<p>Lo anterior debido al conflicto latente\ndurante todo este 2019 entre Santa Catarina Juquila y Santiago Yaitepec, el\ncual se mantiene debido a la pasividad con la que han actuado las autoridades\nestatales.<\/p>\n\n\n\n<p>\u201cDentro del pliego petitorio que traemos existe la propuesta de instalar a la Guardia Nacional, ya que se requiere seguridad en la zona, as\u00ed como que se garantice el libre tr\u00e1nsito de miles de feligreses que arriban en estas fechas debido a la festividad religiosa en puerta\u201d, dijo el sacerdote.<\/p>\n\n\n\n<figure class=\"wp-block-embed-twitter wp-block-embed is-type-rich is-provider-twitter\"><div class=\"wp-block-embed__wrapper\">\n<div class=\"twitter-tweet\"><blockquote class=\"twitter-tweet\" data-lang=\"es\"><p lang=\"es\" dir=\"ltr\"><a href=\"https:\/\/twitter.com\/hashtag\/OaxacaRojo?src=hash&amp;ref_src=twsrc%5Etfw\">#OaxacaRojo<\/a><br>\u201cNadie hace nada\u201d, respecto al conflicto; la iglesia no est\u00e1 detr\u00e1s del problema ni est\u00e1 pidiendo o peleando \u201cEl Pedimento\u201d, afirma el p\u00e1rroco de Santa Catarina Juquila, Jacinto L\u00f3pez Monta\u00f1o; el religioso acompa\u00f1a la protesta de juquile\u00f1os en la capital. <a href=\"https:\/\/t.co\/WyQiSgP1C5\">pic.twitter.com\/WyQiSgP1C5<\/a><\/p>&mdash; Zona Roja Oaxaca (@MexRoja) <a href=\"https:\/\/twitter.com\/MexRoja\/status\/1200063783676211201?ref_src=twsrc%5Etfw\">28 de noviembre de 2019<\/a><\/blockquote><\/div>\n<\/div><\/figure>\n\n\n\n<p>Lament\u00f3 que a\u00fan no se haya tomado en\nserio la problem\u00e1tica pese a que se trata del lugar m\u00e1s visitado en el estado,\nincluso por encima de la capital de Oaxaca ya que recibe un aproximado de tres\nmillones de feligreses al a\u00f1o que se mantienen en la incertidumbre debido al\ncierre carretero.<\/p>\n\n\n\n<p>L\u00f3pez Monta\u00f1o explic\u00f3 que el bloqueo de\nla vialidad que lleva al recinto religioso se ha vuelto cotidiano y arbitrario,\nsin que las autoridades estatales hagan algo al respecto, promoviendo la\nimpunidad y por ello el encono social de quienes viven en Santa Catarina\nJuquila y en toda la regi\u00f3n.<\/p>\n\n\n\n<p>\u201cLo que se est\u00e1 pidiendo es la paz y\nreconciliaci\u00f3n, el pueblo de Juquila ha estado pugnando por el di\u00e1logo y la\npaz, prueba de ello es esta misma caravana en la que se viene de forma pac\u00edfica\na exigir atenci\u00f3n por parte de las autoridades\u201d, dijo.<\/p>\n\n\n\n<p>Dijo que la Iglesia no est\u00e1 detr\u00e1s del\nconflicto y que no existe pugna por la posesi\u00f3n de \u201cEl Pedimento\u201d, aunque\naclar\u00f3 que desde el 2005 solicitaron a las instancias religiosas lo que por ley\nles corresponde, sin embargo, no est\u00e1n peleando el recinto.<\/p>\n\n\n\n<p>A la par que insisti\u00f3 en la presencia de elementos de seguridad en la zona, debido al arribo de cientos de peregrinaciones con miles de feligreses como parte de las festividades locales del pr\u00f3ximo ocho de diciembre.<\/p>\n\n\n\n<figure class=\"wp-block-embed-twitter wp-block-embed is-type-rich is-provider-twitter\"><div class=\"wp-block-embed__wrapper\">\n<div class=\"twitter-tweet\"><blockquote class=\"twitter-tweet\" data-lang=\"es\"><p lang=\"es\" dir=\"ltr\"><a href=\"https:\/\/twitter.com\/hashtag\/OaxacaRojo?src=hash&amp;ref_src=twsrc%5Etfw\">#OaxacaRojo<\/a><br>Ante la escasa y tard\u00eda atenci\u00f3n del <a href=\"https:\/\/twitter.com\/GobOax?ref_src=twsrc%5Etfw\">@GobOax<\/a>, en Juquila se realiz\u00f3 hoy una marcha para exigir justicia, paz y castigo a los responsables de la agresiones y bloqueos. <br>Amagan con integrarse a la protesta que ya hay en la capital de Oaxaca, en caso de no ser atendidos. <a href=\"https:\/\/t.co\/W5tLm1z5oE\">pic.twitter.com\/W5tLm1z5oE<\/a><\/p>&mdash; Zona Roja Oaxaca (@MexRoja) <a href=\"https:\/\/twitter.com\/MexRoja\/status\/1200149150899281922?ref_src=twsrc%5Etfw\">28 de noviembre de 2019<\/a><\/blockquote><\/div>\n<\/div><\/figure>\n","protected":false},"excerpt":{"rendered":"<p>Redacci\u00f3n\/Zona Roja. Oaxaca de Ju\u00e1rez, Oax., 28 de noviembre de 2019.- Jacinto L\u00f3pez Monta\u00f1o, rector&hellip;<\/p>\n","protected":false},"author":2,"featured_media":6154,"comment_status":"closed","ping_status":"open","sticky":false,"template":"","format":"standard","meta":{"_lmt_disableupdate":"","_lmt_disable":"","_jetpack_memberships_contains_paid_content":false,"footnotes":""},"categories":[109,47],"tags":[906,545],"class_list":["post-6153","post","type-post","status-publish","format-standard","has-post-thumbnail","hentry","category-minuto-a-minuto","category-zona-gris","tag-jacinto-lopez-montano","tag-santa-catarina-juquila"],"jetpack_featured_media_url":"https:\/\/zonaroja.com.mx\/wp-content\/uploads\/2019\/11\/Protesta-Juquila.jpg","jetpack_sharing_enabled":true,"_links":{"self":[{"href":"https:\/\/zonaroja.com.mx\/index.php?rest_route=\/wp\/v2\/posts\/6153","targetHints":{"allow":["GET"]}}],"collection":[{"href":"https:\/\/zonaroja.com.mx\/index.php?rest_route=\/wp\/v2\/posts"}],"about":[{"href":"https:\/\/zonaroja.com.mx\/index.php?rest_route=\/wp\/v2\/types\/post"}],"author":[{"embeddable":true,"href":"https:\/\/zonaroja.com.mx\/index.php?rest_route=\/wp\/v2\/users\/2"}],"replies":[{"embeddable":true,"href":"https:\/\/zonaroja.com.mx\/index.php?rest_route=%2Fwp%2Fv2%2Fcomments&post=6153"}],"version-history":[{"count":1,"href":"https:\/\/zonaroja.com.mx\/index.php?rest_route=\/wp\/v2\/posts\/6153\/revisions"}],"predecessor-version":[{"id":6155,"href":"https:\/\/zonaroja.com.mx\/index.php?rest_route=\/wp\/v2\/posts\/6153\/revisions\/6155"}],"wp:featuredmedia":[{"embeddable":true,"href":"https:\/\/zonaroja.com.mx\/index.php?rest_route=\/wp\/v2\/media\/6154"}],"wp:attachment":[{"href":"https:\/\/zonaroja.com.mx\/index.php?rest_route=%2Fwp%2Fv2%2Fmedia&parent=6153"}],"wp:term":[{"taxonomy":"category","embeddable":true,"href":"https:\/\/zonaroja.com.mx\/index.php?rest_route=%2Fwp%2Fv2%2Fcategories&post=6153"},{"taxonomy":"post_tag","embeddable":true,"href":"https:\/\/zonaroja.com.mx\/index.php?rest_route=%2Fwp%2Fv2%2Ftags&post=6153"}],"curies":[{"name":"wp","href":"https:\/\/api.w.org\/{rel}","templated":true}]}}