{"id":61531,"date":"2023-10-30T12:59:00","date_gmt":"2023-10-30T18:59:00","guid":{"rendered":"http:\/\/www.zonaroja.com.mx\/?p=61531"},"modified":"2023-10-30T08:05:56","modified_gmt":"2023-10-30T14:05:56","slug":"destacan-oaxaquenos-en-festival-internacional-de-cine-en-morelia","status":"publish","type":"post","link":"https:\/\/zonaroja.com.mx\/?p=61531","title":{"rendered":"Destacan oaxaque\u00f1os en Festival Internacional de Cine en Morelia"},"content":{"rendered":"\n<p>Redacci\u00f3n\/Zona Roja.<\/p>\n\n\n\n<p>Oaxaca de Ju\u00e1rez, Oax., a 30 de octubre de 2023.- Este a\u00f1o diversas producciones oaxaque\u00f1as engalanaron el Festival Internacional de Cine en Morelia (FICM) 2023.<\/p>\n\n\n\n<p>Lo que resalta de este a\u00f1o es que estas producciones han sido creadas desde las comunidades, muchas de ellas con recursos propios y otros con apoyos m\u00ednimos, que competir\u00e1n en distintas categor\u00edas de la FICM.<\/p>\n\n\n\n<p>La FICM es uno de los eventos de cine m\u00e1s importantes y esperados durante el a\u00f1o, en esta ocasi\u00f3n se celebr\u00f3 del 20 al 29 de octubre en Morelia. En una entrevista la productora y directora oaxaque\u00f1a Luna Mar\u00e1n, celebr\u00f3 que el talento y las creaciones de siete producciones Oaxaque\u00f1as de directores ind\u00edgenas (zapotecas, chatino, mixtecas, chontal, mixe), en donde resaltan, dos pel\u00edculas que se encuentran en postproducci\u00f3n y tres proyectos en desarrollo fueran elegidas en este reconocido evento.<\/p>\n\n\n\n<p>Los temas y genero de producciones son variadas, pero la narrativa de dichas creaciones hablan de la identidad de los pueblos ind\u00edgenas, de la lengua, la cultura.&nbsp;<\/p>\n\n\n\n<p>Como la pel\u00edcula de la cineasta oaxaque\u00f1a Itandehui Jansen, \u201cItu Ninu (Cumbres de ma\u00edz)\u201d una cinta de ficci\u00f3n que aborda el tema del futuro, la migraci\u00f3n, y el cambio clim\u00e1tico, la cual competir\u00e1 con otros 10 largometrajes mexicanos.<\/p>\n\n\n\n<p>De padre holand\u00e9s y madre oaxaque\u00f1a originaria de Chalcatongo de Hidalgo, Itandehui Jansen ha filmado casi todas sus pel\u00edculas en lengua Tu\u2019un Savi (mixteco).&nbsp;<\/p>\n\n\n\n<p>Su producci\u00f3n es hecha con oaxaque\u00f1os, desde la actriz Alejandra Herrera originaria de Huajuapan de Le\u00f3n, el guionista Armando Bautista de Santa Mar\u00eda Apazco, Nochixtl\u00e1n y la directora, adem\u00e1s participa la poeta mixteca biling\u00fce Nadia L\u00f3pez Garc\u00eda, tambi\u00e9n conocida como Nadia \u00d1uu Savi.<\/p>\n\n\n\n<p>En el festival tambi\u00e9n se present\u00f3 la m\u00e1s reciente pel\u00edcula de \u00c1ngeles Cruz \u201cValentina o la serenidad\u201d. El Largometraje Documental \u201cA Trav\u00e9s de Tola\u201d de la zapoteca, Casandra Casasola.&nbsp;<\/p>\n\n\n\n<p>El Cortometraje Ficci\u00f3n: Xquipi (Ombligo) del zapoteca istme\u00f1o Juan Pablo Villalobos. Bucan Tu Rhachhidu\u2019 (Deja lo que te espanta), de la zapoteca Luna Mar\u00e1n. Ne\u00f3n Cortex de Bruno Varela. Dennis Noel L\u00f3pez, presentar\u00e1 Aj\u00e1 (Agua). Tambien se presentan \u201cBoca vieja\u201d del director mixe, Yovegami Ascona Mora y \u201cLa Raya\u201d &nbsp;de la chatina, Yolanda Cruz.<\/p>\n\n\n\n<p>(Informaci\u00f3n de Educa A. C.)<\/p>\n","protected":false},"excerpt":{"rendered":"<p>Redacci\u00f3n\/Zona Roja. Oaxaca de Ju\u00e1rez, Oax., a 30 de octubre de 2023.- Este a\u00f1o diversas&hellip;<\/p>\n","protected":false},"author":2,"featured_media":61532,"comment_status":"closed","ping_status":"open","sticky":false,"template":"","format":"standard","meta":{"_lmt_disableupdate":"","_lmt_disable":"","_jetpack_memberships_contains_paid_content":false,"footnotes":""},"categories":[109,46],"tags":[],"class_list":["post-61531","post","type-post","status-publish","format-standard","has-post-thumbnail","hentry","category-minuto-a-minuto","category-zona-blanca"],"jetpack_featured_media_url":"https:\/\/zonaroja.com.mx\/wp-content\/uploads\/2023\/10\/Festival-de-cine-de-Morelia.jpeg","jetpack_sharing_enabled":true,"_links":{"self":[{"href":"https:\/\/zonaroja.com.mx\/index.php?rest_route=\/wp\/v2\/posts\/61531","targetHints":{"allow":["GET"]}}],"collection":[{"href":"https:\/\/zonaroja.com.mx\/index.php?rest_route=\/wp\/v2\/posts"}],"about":[{"href":"https:\/\/zonaroja.com.mx\/index.php?rest_route=\/wp\/v2\/types\/post"}],"author":[{"embeddable":true,"href":"https:\/\/zonaroja.com.mx\/index.php?rest_route=\/wp\/v2\/users\/2"}],"replies":[{"embeddable":true,"href":"https:\/\/zonaroja.com.mx\/index.php?rest_route=%2Fwp%2Fv2%2Fcomments&post=61531"}],"version-history":[{"count":1,"href":"https:\/\/zonaroja.com.mx\/index.php?rest_route=\/wp\/v2\/posts\/61531\/revisions"}],"predecessor-version":[{"id":61533,"href":"https:\/\/zonaroja.com.mx\/index.php?rest_route=\/wp\/v2\/posts\/61531\/revisions\/61533"}],"wp:featuredmedia":[{"embeddable":true,"href":"https:\/\/zonaroja.com.mx\/index.php?rest_route=\/wp\/v2\/media\/61532"}],"wp:attachment":[{"href":"https:\/\/zonaroja.com.mx\/index.php?rest_route=%2Fwp%2Fv2%2Fmedia&parent=61531"}],"wp:term":[{"taxonomy":"category","embeddable":true,"href":"https:\/\/zonaroja.com.mx\/index.php?rest_route=%2Fwp%2Fv2%2Fcategories&post=61531"},{"taxonomy":"post_tag","embeddable":true,"href":"https:\/\/zonaroja.com.mx\/index.php?rest_route=%2Fwp%2Fv2%2Ftags&post=61531"}],"curies":[{"name":"wp","href":"https:\/\/api.w.org\/{rel}","templated":true}]}}