{"id":61534,"date":"2023-10-30T15:01:04","date_gmt":"2023-10-30T21:01:04","guid":{"rendered":"http:\/\/www.zonaroja.com.mx\/?p=61534"},"modified":"2023-10-30T15:01:07","modified_gmt":"2023-10-30T21:01:07","slug":"suman-200-atentados-contra-defensores-en-cinco-anos-de-amlo","status":"publish","type":"post","link":"https:\/\/zonaroja.com.mx\/?p=61534","title":{"rendered":"Suman 200 atentados contra defensores, en cinco a\u00f1os de AMLO"},"content":{"rendered":"\n<p>Ismael Garc\u00eda M.\/Zona Roja.<\/p>\n\n\n\n<p>Oaxaca de Ju\u00e1rez, Oax., a 30 de octubre de 2023.- En cinco a\u00f1os, en M\u00e9xico se han registrado 200 atentados a la vida contra personas defensoras, dio a conocer la asociaci\u00f3n civil Servicios para una Educaci\u00f3n Alternativa (Educa).<\/p>\n\n\n\n<p>Detall\u00f3 que dichas agresiones incluyen: desapariciones, homicidios y ejecuciones extrajudiciales, y concuerdan con el sexenio de Andr\u00e9s Manuel L\u00f3pez Obrador.<\/p>\n\n\n\n<p>En este escenario, 176 personas defensoras fueron asesinadas, 20 personas defensoras permanecen en calidad de desaparecidas y 4 aparecieron con vida.<\/p>\n\n\n\n<p>\u201cObservamos que la seguridad comunitaria es el derecho con mayor riesgo en el pa\u00eds (con 32 asesinatos y 10 desapariciones), producto de la estrategia de seguridad fallida de gobiernos anteriores y gobiernos actuales de los tres niveles, la violencia contra personas defensoras se agrava en contextos de inversi\u00f3n y megaproyectos en el pa\u00eds, principalmente por miner\u00eda\u201d, expuso.<\/p>\n\n\n\n<p>Agreg\u00f3 que el estado con mayor n\u00famero de asesinatos sigue siendo Oaxaca con 41 personas ultimadas desde diciembre de 2018 hasta octubre de 2023, seguidos de Guerrero con 29, Michoac\u00e1n con 18 y Chiapas con 14 casos.<\/p>\n\n\n\n<p>\u201cDesde inicios del sexenio actual en Oaxaca (diciembre 2022), Educa realiza un monitoreo sobre todo tipo de agresiones hacia personas y colectivos\/organizaciones defensoras. Observamos que la criminalizaci\u00f3n es la agresi\u00f3n m\u00e1s denunciada, donde los agresores principales son el gobierno estatal y municipales; 24 personas defensoras y 12 colectivos\/organizaciones fueron criminalizados durante este a\u00f1o\u201d, agreg\u00f3.<\/p>\n\n\n\n<p>A\u00f1adi\u00f3 que del total de los 54 eventos registrados en Oaxaca, destaca la regi\u00f3n del Istmo con 46 agresiones que van desde el hostigamiento, criminalizaci\u00f3n, hasta agresiones f\u00edsicas y asesinatos.<\/p>\n\n\n\n<p>En el conjunto de agresiones, los principales agresores denunciados son autoridades estatales con el 44% de los casos y autoridades federales con el 22%, en las que la Marina y Guardia Nacional son actores denunciados principalmente en el Istmo en el marco de la imposici\u00f3n del proyecto de desarrollo del Istmo de Tehuantepec.<\/p>\n\n\n\n<p>Expuso que Educa ha dado seguimiento a las agresiones a personas defensoras de derechos humanos desde 2012, a partir del diagn\u00f3stico \u201cAgresiones a Defensores y Defensoras Comunitarias. El Papel de los Organismos P\u00fablicos de Derechos Humanos en Oaxaca\u201d.<\/p>\n\n\n\n<p>Desde diciembre de 2018, ha sistematizado la informaci\u00f3n de denuncias p\u00fablicas de diferentes organizaciones nacionales e internacionales de derechos humanos sobre agresiones mortales a personas defensoras; En este sentido, nuestra base de datos se nutre de fuentes de sociedad civil y comunitarias que reivindican a las v\u00edctimas de agresiones como defensoras de derechos humanos.<\/p>\n\n\n\n<p>\u201cA nivel federal documentamos y sistematizamos desapariciones, homicidios y ejecuciones extrajudiciales, adem\u00e1s, a nivel estatal aperturamos un monitoreo permanente sobre otro tipo de agresiones como: amenazas, intimidaciones, criminalizaci\u00f3n y agresiones f\u00edsicas hacia personas defensoras. Este monitoreo inici\u00f3 en diciembre de 2022.<\/p>\n\n\n\n<p>\u201cRealizando un an\u00e1lisis comparativo entre los datos de 2012 y el actual sexenio, vemos que las agresiones contra personas defensoras y sus organizaciones, comunidades y procesos colectivos es una constante, y que los niveles de impunidad se mantienen, no hay justicia para las personas defensoras agredidas.&nbsp;<\/p>\n\n\n\n<p>\u201cLejos de garantizar el derecho a defender derechos, el Estado mexicano contin\u00faa criminalizando su labor en los tres niveles de gobierno\u201d, remarc\u00f3 en un comunicado.<\/p>\n\n\n\n<p>Por lo cual, Educa demand\u00f3 justicia para las personas defensoras agredidas, asesinadas y desaparecidas en el pa\u00eds.&nbsp;<\/p>\n\n\n\n<p>A partir de la campa\u00f1a \u201cTodos sus Nombres, Todas sus Luchas\u201d y en el marco del D\u00eda de Muertos, reivindica la defensa comunitaria como un derecho fundamental y legitimo para la construcci\u00f3n de una vida democr\u00e1tica en el pa\u00eds y las bases para generar condiciones hacia una paz leg\u00edtima y verdadera.<\/p>\n","protected":false},"excerpt":{"rendered":"<p>Ismael Garc\u00eda M.\/Zona Roja. Oaxaca de Ju\u00e1rez, Oax., a 30 de octubre de 2023.- En&hellip;<\/p>\n","protected":false},"author":2,"featured_media":61535,"comment_status":"closed","ping_status":"open","sticky":false,"template":"","format":"standard","meta":{"_lmt_disableupdate":"","_lmt_disable":"","_jetpack_memberships_contains_paid_content":false,"footnotes":""},"categories":[109,47],"tags":[2275],"class_list":["post-61534","post","type-post","status-publish","format-standard","has-post-thumbnail","hentry","category-minuto-a-minuto","category-zona-gris","tag-servicios-para-una-educacion-alternativa-a-c-educa"],"jetpack_featured_media_url":"https:\/\/zonaroja.com.mx\/wp-content\/uploads\/2023\/10\/Defensores-asesinados-en-Mexico.jpeg","jetpack_sharing_enabled":true,"_links":{"self":[{"href":"https:\/\/zonaroja.com.mx\/index.php?rest_route=\/wp\/v2\/posts\/61534","targetHints":{"allow":["GET"]}}],"collection":[{"href":"https:\/\/zonaroja.com.mx\/index.php?rest_route=\/wp\/v2\/posts"}],"about":[{"href":"https:\/\/zonaroja.com.mx\/index.php?rest_route=\/wp\/v2\/types\/post"}],"author":[{"embeddable":true,"href":"https:\/\/zonaroja.com.mx\/index.php?rest_route=\/wp\/v2\/users\/2"}],"replies":[{"embeddable":true,"href":"https:\/\/zonaroja.com.mx\/index.php?rest_route=%2Fwp%2Fv2%2Fcomments&post=61534"}],"version-history":[{"count":1,"href":"https:\/\/zonaroja.com.mx\/index.php?rest_route=\/wp\/v2\/posts\/61534\/revisions"}],"predecessor-version":[{"id":61536,"href":"https:\/\/zonaroja.com.mx\/index.php?rest_route=\/wp\/v2\/posts\/61534\/revisions\/61536"}],"wp:featuredmedia":[{"embeddable":true,"href":"https:\/\/zonaroja.com.mx\/index.php?rest_route=\/wp\/v2\/media\/61535"}],"wp:attachment":[{"href":"https:\/\/zonaroja.com.mx\/index.php?rest_route=%2Fwp%2Fv2%2Fmedia&parent=61534"}],"wp:term":[{"taxonomy":"category","embeddable":true,"href":"https:\/\/zonaroja.com.mx\/index.php?rest_route=%2Fwp%2Fv2%2Fcategories&post=61534"},{"taxonomy":"post_tag","embeddable":true,"href":"https:\/\/zonaroja.com.mx\/index.php?rest_route=%2Fwp%2Fv2%2Ftags&post=61534"}],"curies":[{"name":"wp","href":"https:\/\/api.w.org\/{rel}","templated":true}]}}