{"id":61546,"date":"2023-10-31T11:30:00","date_gmt":"2023-10-31T17:30:00","guid":{"rendered":"http:\/\/www.zonaroja.com.mx\/?p=61546"},"modified":"2023-10-31T07:17:50","modified_gmt":"2023-10-31T13:17:50","slug":"inicia-la-defensoria-campana-de-prevencion-sobre-violencia-sexual-contra-menores","status":"publish","type":"post","link":"https:\/\/zonaroja.com.mx\/?p=61546","title":{"rendered":"Inicia la Defensor\u00eda campa\u00f1a de prevenci\u00f3n sobre violencia sexual contra menores"},"content":{"rendered":"\n<p>Redacci\u00f3n\/Zona Roja.<\/p>\n\n\n\n<p>Oaxaca de Ju\u00e1rez, Oax., a 31 de octubre de 2023.- La Defensor\u00eda de los Derechos Humanos del Pueblo de Oaxaca&nbsp;(DDHPO) puso en marcha en San Juan Bautista Tuxtepec, la campa\u00f1a \u201cCr\u00e9eme si te digo\u2026\u201d, la cual cuenta con un cartel, un tr\u00edptico y un video informativo, para promover la escucha activa y atenta como medida de prevenci\u00f3n de la violencia sexual contra ni\u00f1as, ni\u00f1os y adolescentes.<\/p>\n\n\n\n<p>Durante el acto inaugural, la Ombudsperson Elizabeth Lara Rodr\u00edguez indic\u00f3 que, otros de los objetivos son: impulsar la comunicaci\u00f3n asertiva en la familia, as\u00ed como entre responsables y cuidadores con ni\u00f1as, ni\u00f1os y adolescentes; fomentar la libre expresi\u00f3n, la autoestima y el autocuidado del cuerpo de ni\u00f1as, ni\u00f1os y adolescentes, as\u00ed como la generaci\u00f3n de competencias en responsables y cuidadores para que identifiquen las se\u00f1ales de alerta de violencia sexual, a fin de que act\u00faen de acuerdo con los sistemas de protecci\u00f3n y restituci\u00f3n de derechos.<\/p>\n\n\n\n<p>En presencia de la coordinadora del Proyecto PrevaleSER de Solidaridad Internacional Kanda A.C., Esperanza C\u00e1rdenas Salcido; el director del Centro de Integraci\u00f3n Social n\u00famero 27 \u201cJulio de la Fuente\u201d, de San Juan Bautista Tuxtepec, Juan P\u00e9rez Hern\u00e1ndez; la integrante del colectivo Siempre Alerta, Perla Cruz y del supervisor escolar de la zona n\u00famero 42, Luis Antonio Lorenzo, la defensora Lara Rodr\u00edguez indic\u00f3 que, la violencia sexual es una realidad que lacera la integridad f\u00edsica, emocional y social de ni\u00f1as, ni\u00f1os y adolescentes, de la cual poco se habla, pero que provoca un sentimiento de coraje e indignaci\u00f3n.<\/p>\n\n\n\n<p>Indic\u00f3 que, de acuerdo con el art\u00edculo 19 de la Convenci\u00f3n sobre los Derechos del Ni\u00f1o y de la Observaci\u00f3n General n\u00famero 13 del Comit\u00e9 de los Derechos del Ni\u00f1o, la violencia contra ni\u00f1as, ni\u00f1os y adolescentes, es \u201ctoda forma de perjuicio o abuso f\u00edsico o mental, descuido o trato negligente, malos tratos o explotaci\u00f3n, incluido el abuso sexual, mientras el ni\u00f1o se encuentre bajo la custodia de los padres, de un representante legal o de cualquier otra persona que lo tenga a su cargo\u201d.<\/p>\n\n\n\n<p>Agreg\u00f3 que este tipo de violencia generalmente permanece en silencio porque las personas a cargo del cuidado de&nbsp; ni\u00f1as, ni\u00f1os y adolescentes no ponen atenci\u00f3n en los signos que pueden alertar sobre la ocurrencia de tales agresiones, originando que en muchos de los casos esta problem\u00e1tica social sea ignorada.<\/p>\n\n\n\n<p>La titular de la DDHPO, Elizabeth Lara Rodr\u00edguez resalt\u00f3 que ni\u00f1as, ni\u00f1os y adolescentes tienen derecho a vivir en espacios libres de violencia, para crecer felices, en armon\u00eda y a ser protegidos.<\/p>\n\n\n\n<p>Por ello, indic\u00f3 que para lograr los objetivos de la presente campa\u00f1a, es necesario construir un trabajo en conjunto con instituciones del Estado y de la sociedad civil, pues \u201cuna naci\u00f3n con valores s\u00f3lidos se fundamenta en el desarrollo sano,&nbsp; f\u00edsico y mental de las ni\u00f1as, ni\u00f1os y adolescentes\u201d.<\/p>\n\n\n\n<p>PROTECCI\u00d3N, PRIORIDAD<\/p>\n\n\n\n<p>Durante su participaci\u00f3n, la coordinadora del Proyecto PrevaleSER de Solidaridad Internacional Kanda A.C., Esperanza C\u00e1rdenas Salcido se\u00f1al\u00f3 que es obligaci\u00f3n de las personas adultas proteger&nbsp; a ni\u00f1as, ni\u00f1os y adolescentes y llam\u00f3 a denunciar, la violencia sexual, un delito grave que atenta contra ellas y ellos.<\/p>\n\n\n\n<p>Mientras que, la integrante del colectivo Siempre Alerta, Perla Cruz alent\u00f3 a ni\u00f1as, ni\u00f1os y adolescentes a hablar, decirle no al silencio y contar todo lo que pasa en sus vidas y a luchar por sus sue\u00f1os. Agreg\u00f3 que, el colectivo Siempre Alerta se mantendr\u00e1 trabajando hasta que cada ni\u00f1a, ni\u00f1o y adolescente sea libre de todo tipo de violencia.<\/p>\n\n\n\n<p>Finalmente, el director del Centro de Integraci\u00f3n Social n\u00famero 27 \u201cJulio de la Fuente\u201d, Juan P\u00e9rez Hern\u00e1ndez reconoci\u00f3 el trabajo de la instituci\u00f3n aut\u00f3noma para llevar a cabo este tipo de acciones en beneficio de las ni\u00f1as, ni\u00f1os y adolescentes.<\/p>\n\n\n\n<p>Durante el acto inaugural, se cont\u00f3 tambi\u00e9n con la presencia de alumnas y alumnos, directoras, directores, supervisores, jefes de sector y profesorado del Sistema de Educaci\u00f3n B\u00e1sica en el estado, organizaciones de la sociedad civil, as\u00ed como padres y madres de familia.<\/p>\n","protected":false},"excerpt":{"rendered":"<p>Redacci\u00f3n\/Zona Roja. Oaxaca de Ju\u00e1rez, Oax., a 31 de octubre de 2023.- La Defensor\u00eda de&hellip;<\/p>\n","protected":false},"author":2,"featured_media":61544,"comment_status":"closed","ping_status":"open","sticky":false,"template":"","format":"standard","meta":{"_lmt_disableupdate":"","_lmt_disable":"","_jetpack_memberships_contains_paid_content":false,"footnotes":""},"categories":[109,46],"tags":[287],"class_list":["post-61546","post","type-post","status-publish","format-standard","has-post-thumbnail","hentry","category-minuto-a-minuto","category-zona-blanca","tag-ddhpo"],"jetpack_featured_media_url":"https:\/\/zonaroja.com.mx\/wp-content\/uploads\/2023\/10\/DDHPO-inicia-programa-en-la-Cuenca.jpg","jetpack_sharing_enabled":true,"_links":{"self":[{"href":"https:\/\/zonaroja.com.mx\/index.php?rest_route=\/wp\/v2\/posts\/61546","targetHints":{"allow":["GET"]}}],"collection":[{"href":"https:\/\/zonaroja.com.mx\/index.php?rest_route=\/wp\/v2\/posts"}],"about":[{"href":"https:\/\/zonaroja.com.mx\/index.php?rest_route=\/wp\/v2\/types\/post"}],"author":[{"embeddable":true,"href":"https:\/\/zonaroja.com.mx\/index.php?rest_route=\/wp\/v2\/users\/2"}],"replies":[{"embeddable":true,"href":"https:\/\/zonaroja.com.mx\/index.php?rest_route=%2Fwp%2Fv2%2Fcomments&post=61546"}],"version-history":[{"count":1,"href":"https:\/\/zonaroja.com.mx\/index.php?rest_route=\/wp\/v2\/posts\/61546\/revisions"}],"predecessor-version":[{"id":61547,"href":"https:\/\/zonaroja.com.mx\/index.php?rest_route=\/wp\/v2\/posts\/61546\/revisions\/61547"}],"wp:featuredmedia":[{"embeddable":true,"href":"https:\/\/zonaroja.com.mx\/index.php?rest_route=\/wp\/v2\/media\/61544"}],"wp:attachment":[{"href":"https:\/\/zonaroja.com.mx\/index.php?rest_route=%2Fwp%2Fv2%2Fmedia&parent=61546"}],"wp:term":[{"taxonomy":"category","embeddable":true,"href":"https:\/\/zonaroja.com.mx\/index.php?rest_route=%2Fwp%2Fv2%2Fcategories&post=61546"},{"taxonomy":"post_tag","embeddable":true,"href":"https:\/\/zonaroja.com.mx\/index.php?rest_route=%2Fwp%2Fv2%2Ftags&post=61546"}],"curies":[{"name":"wp","href":"https:\/\/api.w.org\/{rel}","templated":true}]}}