{"id":61548,"date":"2023-10-30T20:33:00","date_gmt":"2023-10-31T02:33:00","guid":{"rendered":"http:\/\/www.zonaroja.com.mx\/?p=61548"},"modified":"2023-10-30T18:43:27","modified_gmt":"2023-10-31T00:43:27","slug":"matan-a-una-mujer-en-juchatengo-detienen-a-feminicida-y-lo-vinculan-a-proceso","status":"publish","type":"post","link":"https:\/\/zonaroja.com.mx\/?p=61548","title":{"rendered":"Matan a una mujer en Juchatengo; detienen a feminicida y lo vinculan a proceso"},"content":{"rendered":"\n<p>Redacci\u00f3n\/Zona Roja.<\/p>\n\n\n\n<p>Oaxaca de Ju\u00e1rez, Oax., a 30 de octubre de 2023.- Una mujer fue asesinada a machetazos, el pasado mi\u00e9rcoles 25 de octubre, en San Pedro Juchatengo, municipio de la regi\u00f3n Costa de Oaxaca.<\/p>\n\n\n\n<p>La v\u00edctima fue identificada de manera preliminar con las iniciales S. E. A., quien fue agredida en su domicilio por un sujeto, cuando se hallaba en la cama de su cuarto.<\/p>\n\n\n\n<p>La Fiscal\u00eda General del Estado de Oaxaca (FGEO) inform\u00f3 que las corporaciones policiacas y ministerial de la instituci\u00f3n actuaron de inmediato y detuvieron al probable autor del homicidio, de iniciales T. T. A.&nbsp;<\/p>\n\n\n\n<p>En un comunicado, detall\u00f3 que las autoridades municipales dieron aviso a la FGEO, la cual inici\u00f3 con los trabajos ministeriales pertinentes a trav\u00e9s de la Vicefiscal\u00eda Regional de la Costa, que obtuvo datos relevantes por lo que se establecieron s\u00f3lidas l\u00edneas de investigaci\u00f3n por las que fue posible obtener una orden de aprehensi\u00f3n.&nbsp;<\/p>\n\n\n\n<p>Elementos de la Agencia Estatal de Investigaciones (AEI) dieron con el paradero del imputado, a quien detuvieron al dar cumplimiento al mandato judicial el 28 de octubre, apenas 72 horas despu\u00e9s de ocurrido el crimen.<\/p>\n\n\n\n<p>Despu\u00e9s de aportar los datos de prueba necesarios ante el Juez que atiende la causa, este calific\u00f3 de legal la detenci\u00f3n y dict\u00f3 auto de vinculaci\u00f3n a proceso en contra de T. T. A., a quien impuso prisi\u00f3n preventiva justificada y otorg\u00f3 dos meses para el cierre de la investigaci\u00f3n complementaria.&nbsp;<\/p>\n\n\n\n<p>\u201cLa resoluci\u00f3n de delitos de alto impacto por parte de la Fiscal\u00eda de Oaxaca, buscan la prevalencia de la paz social en todas las regiones de la entidad, para garantizar la seguridad p\u00fablica de la ciudadan\u00eda\u201d, detall\u00f3 la instituci\u00f3n que encabeza Bernardo Rodr\u00edguez Alamilla.<\/p>\n","protected":false},"excerpt":{"rendered":"<p>Redacci\u00f3n\/Zona Roja. Oaxaca de Ju\u00e1rez, Oax., a 30 de octubre de 2023.- Una mujer fue&hellip;<\/p>\n","protected":false},"author":2,"featured_media":3125,"comment_status":"closed","ping_status":"open","sticky":false,"template":"","format":"standard","meta":{"_lmt_disableupdate":"","_lmt_disable":"","_jetpack_memberships_contains_paid_content":false,"footnotes":""},"categories":[109,46,51],"tags":[3378],"class_list":["post-61548","post","type-post","status-publish","format-standard","has-post-thumbnail","hentry","category-minuto-a-minuto","category-zona-blanca","category-zona-roja","tag-san-pedro-juchatengo"],"jetpack_featured_media_url":"https:\/\/zonaroja.com.mx\/wp-content\/uploads\/2019\/08\/Machetazo.jpg","jetpack_sharing_enabled":true,"_links":{"self":[{"href":"https:\/\/zonaroja.com.mx\/index.php?rest_route=\/wp\/v2\/posts\/61548","targetHints":{"allow":["GET"]}}],"collection":[{"href":"https:\/\/zonaroja.com.mx\/index.php?rest_route=\/wp\/v2\/posts"}],"about":[{"href":"https:\/\/zonaroja.com.mx\/index.php?rest_route=\/wp\/v2\/types\/post"}],"author":[{"embeddable":true,"href":"https:\/\/zonaroja.com.mx\/index.php?rest_route=\/wp\/v2\/users\/2"}],"replies":[{"embeddable":true,"href":"https:\/\/zonaroja.com.mx\/index.php?rest_route=%2Fwp%2Fv2%2Fcomments&post=61548"}],"version-history":[{"count":1,"href":"https:\/\/zonaroja.com.mx\/index.php?rest_route=\/wp\/v2\/posts\/61548\/revisions"}],"predecessor-version":[{"id":61549,"href":"https:\/\/zonaroja.com.mx\/index.php?rest_route=\/wp\/v2\/posts\/61548\/revisions\/61549"}],"wp:featuredmedia":[{"embeddable":true,"href":"https:\/\/zonaroja.com.mx\/index.php?rest_route=\/wp\/v2\/media\/3125"}],"wp:attachment":[{"href":"https:\/\/zonaroja.com.mx\/index.php?rest_route=%2Fwp%2Fv2%2Fmedia&parent=61548"}],"wp:term":[{"taxonomy":"category","embeddable":true,"href":"https:\/\/zonaroja.com.mx\/index.php?rest_route=%2Fwp%2Fv2%2Fcategories&post=61548"},{"taxonomy":"post_tag","embeddable":true,"href":"https:\/\/zonaroja.com.mx\/index.php?rest_route=%2Fwp%2Fv2%2Ftags&post=61548"}],"curies":[{"name":"wp","href":"https:\/\/api.w.org\/{rel}","templated":true}]}}