{"id":61557,"date":"2023-10-30T20:08:00","date_gmt":"2023-10-31T02:08:00","guid":{"rendered":"http:\/\/www.zonaroja.com.mx\/?p=61557"},"modified":"2023-10-30T19:13:52","modified_gmt":"2023-10-31T01:13:52","slug":"arranca-proyecto-de-parque-primavera-en-oaxaca-con-inversion-de-300-mdp","status":"publish","type":"post","link":"https:\/\/zonaroja.com.mx\/?p=61557","title":{"rendered":"Arranca proyecto de parque \u201cPrimavera\u201d en Oaxaca, con inversi\u00f3n de 300 mdp"},"content":{"rendered":"\n<p>Redacci\u00f3n\/Zona Roja.<\/p>\n\n\n\n<p>Oaxaca de Ju\u00e1rez, Oax., a 30 de octubre de 2023.- El gobierno de Oaxaca present\u00f3 el proyecto de construcci\u00f3n del parque \u201cPrimavera\u201d, en la antigua f\u00e1brica de triplay, agencia de San Juan Chapultepec, ciudad capital.<\/p>\n\n\n\n<p>De acuerdo con un comunicado de prensa, tendr\u00e1 una inversi\u00f3n de 300 millones de pesos e impulsar\u00e1 el desarrollo integral y sostenible de m\u00e1s de 447 mil personas, principalmente de ni\u00f1as, ni\u00f1os y adolescentes.<\/p>\n\n\n\n<p>Esta ma\u00f1ana en conferencia de prensa desde ese sitio, el mandatario Salom\u00f3n Jara Cruz detall\u00f3 que tendr\u00e1 espacios como una casa comunitaria de semillas, jard\u00edn bot\u00e1nico, recinto ferial, sal\u00f3n de usos m\u00faltiples, restaurantes, cine al aire libre, canchas deportivas y otros m\u00e1s en beneficio de las familias oaxaque\u00f1as.<\/p>\n\n\n\n<p>\u201cEl nuestro es un gobierno responsable, con capacidad de planeaci\u00f3n, y est\u00e1 centrado en el bienestar de nuestra gente. Por ello, decidimos recuperar este espacio para construir un parque y ofrecerle a la sociedad un espacio que eleve su calidad de vida\u201d asever\u00f3.<\/p>\n\n\n\n<p>Subray\u00f3 que los tr\u00e1mites jur\u00eddicos para la formalizaci\u00f3n legal del predio a nombre del Gobierno del Estado ya se encuentran en proceso, por lo que en pr\u00f3ximos d\u00edas se contar\u00e1 con la certeza jur\u00eddica de este espacio para el disfrute de todas y todos. &nbsp;<\/p>\n\n\n\n<p>Al finalizar la conferencia ma\u00f1anera, el Gobernador Salom\u00f3n Jara Cruz, acompa\u00f1ado de integrantes de su gabinete legal y ampliado, as\u00ed como de medios de comunicaci\u00f3n, realiz\u00f3 un recorrido para observar los avances de los trabajos que ya se llevan a cabo en diferentes espacios de este predio,<\/p>\n\n\n\n<p>Entre los que destaca la construcci\u00f3n de un vivero que tendr\u00e1 la capacidad de producir m\u00e1s de 400 especies de plantas entre ornamentales y frutales.<\/p>\n\n\n\n<p>Tambi\u00e9n se inform\u00f3 que la familia del artista Francisco Toledo don\u00f3 uno de sus dise\u00f1os, el cual se replicar\u00e1 en unas rejas que ser\u00e1n parte de las instalaciones del parque.<\/p>\n\n\n\n<figure class=\"wp-block-embed\"><div class=\"wp-block-embed__wrapper\">\nhttps:\/\/x.com\/ZonaRoja_Oaxaca\/status\/1719013954368745814?s=20\n<\/div><\/figure>\n","protected":false},"excerpt":{"rendered":"<p>Redacci\u00f3n\/Zona Roja. Oaxaca de Ju\u00e1rez, Oax., a 30 de octubre de 2023.- El gobierno de&hellip;<\/p>\n","protected":false},"author":2,"featured_media":61545,"comment_status":"closed","ping_status":"open","sticky":false,"template":"","format":"standard","meta":{"_lmt_disableupdate":"","_lmt_disable":"","_jetpack_memberships_contains_paid_content":false,"footnotes":""},"categories":[109,46],"tags":[939],"class_list":["post-61557","post","type-post","status-publish","format-standard","has-post-thumbnail","hentry","category-minuto-a-minuto","category-zona-blanca","tag-salomon-jara-cruz"],"jetpack_featured_media_url":"https:\/\/zonaroja.com.mx\/wp-content\/uploads\/2023\/10\/Parque-Primavera-ciudad-de-Oaxaca-antigua-fabrica-de-Triplay.jpeg","jetpack_sharing_enabled":true,"_links":{"self":[{"href":"https:\/\/zonaroja.com.mx\/index.php?rest_route=\/wp\/v2\/posts\/61557","targetHints":{"allow":["GET"]}}],"collection":[{"href":"https:\/\/zonaroja.com.mx\/index.php?rest_route=\/wp\/v2\/posts"}],"about":[{"href":"https:\/\/zonaroja.com.mx\/index.php?rest_route=\/wp\/v2\/types\/post"}],"author":[{"embeddable":true,"href":"https:\/\/zonaroja.com.mx\/index.php?rest_route=\/wp\/v2\/users\/2"}],"replies":[{"embeddable":true,"href":"https:\/\/zonaroja.com.mx\/index.php?rest_route=%2Fwp%2Fv2%2Fcomments&post=61557"}],"version-history":[{"count":1,"href":"https:\/\/zonaroja.com.mx\/index.php?rest_route=\/wp\/v2\/posts\/61557\/revisions"}],"predecessor-version":[{"id":61558,"href":"https:\/\/zonaroja.com.mx\/index.php?rest_route=\/wp\/v2\/posts\/61557\/revisions\/61558"}],"wp:featuredmedia":[{"embeddable":true,"href":"https:\/\/zonaroja.com.mx\/index.php?rest_route=\/wp\/v2\/media\/61545"}],"wp:attachment":[{"href":"https:\/\/zonaroja.com.mx\/index.php?rest_route=%2Fwp%2Fv2%2Fmedia&parent=61557"}],"wp:term":[{"taxonomy":"category","embeddable":true,"href":"https:\/\/zonaroja.com.mx\/index.php?rest_route=%2Fwp%2Fv2%2Fcategories&post=61557"},{"taxonomy":"post_tag","embeddable":true,"href":"https:\/\/zonaroja.com.mx\/index.php?rest_route=%2Fwp%2Fv2%2Ftags&post=61557"}],"curies":[{"name":"wp","href":"https:\/\/api.w.org\/{rel}","templated":true}]}}