{"id":6156,"date":"2019-11-28T16:49:14","date_gmt":"2019-11-28T22:49:14","guid":{"rendered":"http:\/\/www.zonaroja.com.mx\/?p=6156"},"modified":"2019-11-28T16:49:17","modified_gmt":"2019-11-28T22:49:17","slug":"tras-regano-de-congreso-entrega-osfeo-cuenta-publica-2018","status":"publish","type":"post","link":"https:\/\/zonaroja.com.mx\/?p=6156","title":{"rendered":"Tras rega\u00f1o de Congreso, entrega OSFEO Cuenta P\u00fablica 2018"},"content":{"rendered":"\n<p>Redacci\u00f3n\/Zona Roja.<\/p>\n\n\n\n<p>Oaxaca de Ju\u00e1rez, Oax., 28 de noviembre\nde 2019.- Con 22 votos a favor, el pleno de la 64 Legislatura aprob\u00f3 ayer realizar\nun \u201csevero extra\u00f1amiento\u201d al auditor y subauditores del \u00d3rgano Superior de\nFiscalizaci\u00f3n del Estado (OSFEO), por cumplir en el l\u00edmite de tiempo la entrega\nde la Cuenta P\u00fablica 2018, en detrimento del proceso de an\u00e1lisis y estudio al\ninterior de la LIV legislatura. <\/p>\n\n\n\n<p>Tras ello, el titular de ese \u00f3rgano\naut\u00f3nomo, Guillermo Megch\u00fan Vel\u00e1squez, acudi\u00f3 esta ma\u00f1ana a la sede del\nCongreso, para entregar dicho informe a la Comisi\u00f3n permanente de Vigilancia de\nla OSFEO del Congreso Local.<\/p>\n\n\n\n<p>Al recibir los documentos, la presidenta\nde la Comisi\u00f3n, Laura Estrada Mauro, &nbsp;afirm\u00f3\nque la tarea ahora, pese a que es un tiempo corto, consistir\u00e1 en hacer un\nrevisi\u00f3n exhaustiva de c\u00f3mo se ejecut\u00f3 el gasto p\u00fablico durante el 2018, \u201charemos\nbien esa tarea para poder dar una respuesta a las exigencias ciudadanas\u201d.<\/p>\n\n\n\n<p>Adelant\u00f3 que en pr\u00f3ximos d\u00edas instalar\u00e1n\nuna Sesi\u00f3n Permanente que d\u00e9 puntual seguimiento a la revisi\u00f3n de la Cuenta\nP\u00fablica, para poder emitir un dictamen final, a m\u00e1s tardar el 15 de diciembre,\npara despu\u00e9s subirlo al pleno del Congreso.<\/p>\n\n\n\n<p>El diputado Horacio Sosa Villavicencio,\npresidente de la Junta de Coordinaci\u00f3n Pol\u00edtica (Jucopo), dio el respaldo a los\nintegrantes de la comisi\u00f3n y su nueva presidenta, quienes tendr\u00e1n en sus manos\ntemas importantes para la entidad, como es la comprobaci\u00f3n y fiscalizaci\u00f3n de\nlos recursos que son del pueblo de Oaxaca.<\/p>\n\n\n\n<p>SEVERO EXTRA\u00d1AMIENTO<\/p>\n\n\n\n<p>Ayer en tribuna, el diputado C\u00e9sar\nMorales Ni\u00f1o, asegur\u00f3 que hasta ese momento las y los legisladores no contaban con\ninformaci\u00f3n objetiva para poder revisar y evaluar el gasto p\u00fablico de a\u00f1os\nanteriores y con ello analizar la propuesta reci\u00e9n presentada por el Ejecutivo\nestatal para el 2020.<\/p>\n\n\n\n<p>\u201cVamos ciegos al an\u00e1lisis de la Ley de Ingresos\ny el Presupuesto de Egresos, vamos sin elementos de an\u00e1lisis\u201d, manifest\u00f3 en\ntribuna. <\/p>\n\n\n\n<p>Explic\u00f3 que la propuesta incluye\nexhortar a los integrantes de dicho ente fiscalizador, para que presenten de\nmanera inmediata dichas obligaciones constitucionales y en lo subsecuente\nmodifiquen su calendarizaci\u00f3n de trabajos a fin de cumplir con la eficiencia y\neficacia que requiere una instancia de su envergadura.<\/p>\n\n\n\n<p>As\u00ed mismo aclar\u00f3 que el \u00f3rgano\nfiscalizador est\u00e1 dentro de los plazos legales para la presentaci\u00f3n de la\ninformaci\u00f3n, sin embargo debi\u00f3 actuar con prudencia, diligencia, sensibilidad y\nanteponer el inter\u00e9s p\u00fablico sobre los plazos establecidos, para que la\ninformaci\u00f3n fuera remitida inmediatamente.<\/p>\n\n\n\n<p>Lo anterior debido a que el Congreso\nlocal&nbsp; tiene a m\u00e1s tardar el 15 de\ndiciembre para concluir la revisi\u00f3n, dictamen y votaci\u00f3n de la cuenta p\u00fablica,\nacciones que insisti\u00f3 no se pueden hacer sin tener elementos previos que\npermitan conocer c\u00f3mo se ha ejercido el presupuesto en el Estado en el a\u00f1o\nrecientemente fiscalizado. <\/p>\n\n\n\n<p>\u201c\u00bfC\u00f3mo vamos a aprobar un nuevo\npresupuesto, si a\u00fan no sabemos c\u00f3mo se gast\u00f3 el dinero p\u00fablico del a\u00f1o 2018?\u201d,\ncuestion\u00f3 el legislador. <\/p>\n","protected":false},"excerpt":{"rendered":"<p>Redacci\u00f3n\/Zona Roja. Oaxaca de Ju\u00e1rez, Oax., 28 de noviembre de 2019.- Con 22 votos a&hellip;<\/p>\n","protected":false},"author":2,"featured_media":6157,"comment_status":"closed","ping_status":"open","sticky":false,"template":"","format":"standard","meta":{"_lmt_disableupdate":"","_lmt_disable":"","_jetpack_memberships_contains_paid_content":false,"footnotes":""},"categories":[109,47],"tags":[1066],"class_list":["post-6156","post","type-post","status-publish","format-standard","has-post-thumbnail","hentry","category-minuto-a-minuto","category-zona-gris","tag-organo-superior-de-fiscalizacion-del-estado-de-oaxaca"],"jetpack_featured_media_url":"https:\/\/zonaroja.com.mx\/wp-content\/uploads\/2019\/11\/Cuenta-P\u00fablica-Congreso.jpg","jetpack_sharing_enabled":true,"_links":{"self":[{"href":"https:\/\/zonaroja.com.mx\/index.php?rest_route=\/wp\/v2\/posts\/6156","targetHints":{"allow":["GET"]}}],"collection":[{"href":"https:\/\/zonaroja.com.mx\/index.php?rest_route=\/wp\/v2\/posts"}],"about":[{"href":"https:\/\/zonaroja.com.mx\/index.php?rest_route=\/wp\/v2\/types\/post"}],"author":[{"embeddable":true,"href":"https:\/\/zonaroja.com.mx\/index.php?rest_route=\/wp\/v2\/users\/2"}],"replies":[{"embeddable":true,"href":"https:\/\/zonaroja.com.mx\/index.php?rest_route=%2Fwp%2Fv2%2Fcomments&post=6156"}],"version-history":[{"count":1,"href":"https:\/\/zonaroja.com.mx\/index.php?rest_route=\/wp\/v2\/posts\/6156\/revisions"}],"predecessor-version":[{"id":6158,"href":"https:\/\/zonaroja.com.mx\/index.php?rest_route=\/wp\/v2\/posts\/6156\/revisions\/6158"}],"wp:featuredmedia":[{"embeddable":true,"href":"https:\/\/zonaroja.com.mx\/index.php?rest_route=\/wp\/v2\/media\/6157"}],"wp:attachment":[{"href":"https:\/\/zonaroja.com.mx\/index.php?rest_route=%2Fwp%2Fv2%2Fmedia&parent=6156"}],"wp:term":[{"taxonomy":"category","embeddable":true,"href":"https:\/\/zonaroja.com.mx\/index.php?rest_route=%2Fwp%2Fv2%2Fcategories&post=6156"},{"taxonomy":"post_tag","embeddable":true,"href":"https:\/\/zonaroja.com.mx\/index.php?rest_route=%2Fwp%2Fv2%2Ftags&post=6156"}],"curies":[{"name":"wp","href":"https:\/\/api.w.org\/{rel}","templated":true}]}}