{"id":61560,"date":"2023-10-31T07:13:55","date_gmt":"2023-10-31T13:13:55","guid":{"rendered":"http:\/\/www.zonaroja.com.mx\/?p=61560"},"modified":"2023-10-31T07:14:42","modified_gmt":"2023-10-31T13:14:42","slug":"listos-los-panteones-de-xoxocotlan-para-la-tradicional-velada","status":"publish","type":"post","link":"https:\/\/zonaroja.com.mx\/?p=61560","title":{"rendered":"Listos los panteones de Xoxocotl\u00e1n para la tradicional \u201cVelada\u00bb"},"content":{"rendered":"\n<p>Redacci\u00f3n\/Zona Roja.<\/p>\n\n\n\n<p>Oaxaca de Ju\u00e1rez, Oax., a 31 de octubre de 2023.- Con un despliegue de cuadrillas conformadas por al menos 40 trabajadores del \u00e1rea de Servicios Municipales, el gobierno de Santa Cruz Xoxocotl\u00e1n que encabeza Inocente Castellanos Alejos, acondiciona los panteones municipales para dar la bienvenida a propios y visitantes en este periodo de festividades con motivo de los Fieles Difuntos.<\/p>\n\n\n\n<p>De acuerdo a la reconocida tradici\u00f3n, ser\u00e1 este martes 31 de octubre cuando se realice la \u00abVelada\u00bb en los tres panteones municipales, donde se albergan alrededor de cinco mil fosas y nichos que desde la v\u00edspera ya son aseados y adornados con flores y veladoras para la esperada convivencia de las y los xoxe\u00f1os con sus seres queridos que ya han partido.<\/p>\n\n\n\n<p>La \u00abVelada\u00bb marca el inicio de la festividad y, ese acto, llama la atenci\u00f3n del turismo por el colorido y la alegr\u00eda, que pese al dolor que representa la muerte, se evidencia en el reencuentro familiar.<\/p>\n\n\n\n<p>Lo mismo un tr\u00edo, un mariachi o un dispositivo con la m\u00fasica que le agradaba al difunto, su comida y bebida preferida, as\u00ed como el relato de las an\u00e9cdotas compartidas en vida con el o la homenajeada, es parte de lo que se observa la noche del 31 de octubre.<\/p>\n\n\n\n<p>El aroma y color de las flores generan un escenario digno de fotograf\u00edas que le han dado la vuelta al mundo, un escenario que podr\u00e1 disfrutarse de nueva cuenta este martes.<\/p>\n\n\n\n<p>Para el mejor desarrollo de la actividad y que luzca a plenitud est\u00e1 celebraci\u00f3n, el edil, \u201cChente\u201d Castellanos, instruy\u00f3 la realizaci\u00f3n de trabajos de mantenimiento y abastecimiento de agua en los tres panteones: San Sebasti\u00e1n M\u00e1rtir, Mitlancihuatl y Monte Alb\u00e1n.<\/p>\n\n\n\n<p>As\u00ed como un operativo de seguridad que garantice la tranquilidad de quienes se har\u00e1n presentes en los camposantos de la comunidad y d\u00f3nde participar\u00e1n de forma coordinada elementos de las fuerzas municipales y la Guardia Nacional.<\/p>\n\n\n\n<p>En Xoxo, autoridades y pobladores se preparan para la gran fiesta de recibimiento a los Fieles Difuntos y para compartir sus tradiciones con el turismo local y extranjero, que adem\u00e1s disfrutar\u00e1 de actividades culturales diversas que enmarcan est\u00e1 importante celebraci\u00f3n.<\/p>\n\n\n\n<p>A las 20:00 horas, del 31 de octubre, inicia oficialmente la \u00abVelada\u00bb en los tres cementerios, a esa misma hora habr\u00e1 un magno concierto de la Banda de M\u00fasica de Xoxocotl\u00e1n en el Pante\u00f3n de San Sebasti\u00e1n M\u00e1rtir, ubicado en el centro de la comunidad.<\/p>\n\n\n\n<p>En tanto, a la misma hora, en la explanada del pante\u00f3n Mitlancihuatl se desarrollar\u00e1 un programa cultural con m\u00fasica y representaciones de Xoxo, actividades a las que las y los xoxe\u00f1os, junto con el Ayuntamiento que encabeza \u201cChente\u201d Castellanos invitan a toda la poblaci\u00f3n oaxaque\u00f1a y al turismo nacional y extranjero.<\/p>\n","protected":false},"excerpt":{"rendered":"<p>Redacci\u00f3n\/Zona Roja. Oaxaca de Ju\u00e1rez, Oax., a 31 de octubre de 2023.- Con un despliegue&hellip;<\/p>\n","protected":false},"author":2,"featured_media":61562,"comment_status":"closed","ping_status":"open","sticky":false,"template":"","format":"standard","meta":{"_lmt_disableupdate":"","_lmt_disable":"","_jetpack_memberships_contains_paid_content":false,"footnotes":""},"categories":[109,46],"tags":[133],"class_list":["post-61560","post","type-post","status-publish","format-standard","has-post-thumbnail","hentry","category-minuto-a-minuto","category-zona-blanca","tag-santa-cruz-xoxocotlan"],"jetpack_featured_media_url":"https:\/\/zonaroja.com.mx\/wp-content\/uploads\/2023\/10\/Panteones-Xoxocotlan.jpg","jetpack_sharing_enabled":true,"_links":{"self":[{"href":"https:\/\/zonaroja.com.mx\/index.php?rest_route=\/wp\/v2\/posts\/61560","targetHints":{"allow":["GET"]}}],"collection":[{"href":"https:\/\/zonaroja.com.mx\/index.php?rest_route=\/wp\/v2\/posts"}],"about":[{"href":"https:\/\/zonaroja.com.mx\/index.php?rest_route=\/wp\/v2\/types\/post"}],"author":[{"embeddable":true,"href":"https:\/\/zonaroja.com.mx\/index.php?rest_route=\/wp\/v2\/users\/2"}],"replies":[{"embeddable":true,"href":"https:\/\/zonaroja.com.mx\/index.php?rest_route=%2Fwp%2Fv2%2Fcomments&post=61560"}],"version-history":[{"count":1,"href":"https:\/\/zonaroja.com.mx\/index.php?rest_route=\/wp\/v2\/posts\/61560\/revisions"}],"predecessor-version":[{"id":61563,"href":"https:\/\/zonaroja.com.mx\/index.php?rest_route=\/wp\/v2\/posts\/61560\/revisions\/61563"}],"wp:featuredmedia":[{"embeddable":true,"href":"https:\/\/zonaroja.com.mx\/index.php?rest_route=\/wp\/v2\/media\/61562"}],"wp:attachment":[{"href":"https:\/\/zonaroja.com.mx\/index.php?rest_route=%2Fwp%2Fv2%2Fmedia&parent=61560"}],"wp:term":[{"taxonomy":"category","embeddable":true,"href":"https:\/\/zonaroja.com.mx\/index.php?rest_route=%2Fwp%2Fv2%2Fcategories&post=61560"},{"taxonomy":"post_tag","embeddable":true,"href":"https:\/\/zonaroja.com.mx\/index.php?rest_route=%2Fwp%2Fv2%2Ftags&post=61560"}],"curies":[{"name":"wp","href":"https:\/\/api.w.org\/{rel}","templated":true}]}}