{"id":61564,"date":"2023-10-31T08:30:00","date_gmt":"2023-10-31T14:30:00","guid":{"rendered":"http:\/\/www.zonaroja.com.mx\/?p=61564"},"modified":"2023-10-31T07:16:38","modified_gmt":"2023-10-31T13:16:38","slug":"desaparecen-en-chihuahua-4-menores-de-origen-estadounidense","status":"publish","type":"post","link":"https:\/\/zonaroja.com.mx\/?p=61564","title":{"rendered":"Desaparecen en Chihuahua 4 menores de origen estadounidense"},"content":{"rendered":"\n<p>Redacci\u00f3n\/Zona Roja Cdmx.<\/p>\n\n\n\n<p>Ciudad de M\u00e9xico, a 31 de octubre de 2023.- Las autoridades locales de Chihuahua lanzaron la alerta para ubicar a cuatro menores de origen estadounidense extraviados en la zona rural del municipio de Meoqui, donde los familiares reportaron que tienen m\u00e1s de 48 horas desaparecidos.<\/p>\n\n\n\n<p>La Fiscal\u00eda General del Estado solicita a la poblaci\u00f3n a compartir informaci\u00f3n que permita dar con el paradero de Ismael de 14 a\u00f1os, de Madahi de 13, de Issac de 12 y de El\u00edas de 9, todos de apellidos G\u00f3mez Herrera Luis Mendoza.<\/p>\n\n\n\n<p>Las primeras indagatorias se\u00f1alan que los menores aprovecharon que su madre sali\u00f3 a comprar v\u00edveres para irse de su vivienda e intentar viajar hacia la ciudad de Oklahoma, Estados Unidos, en donde vive su padre. No se descarta que sean auxiliados por adultos para trasladarse hacia el vecino pa\u00eds.<\/p>\n\n\n\n<p>A dos d\u00edas de no regresar a su hogar, la Fiscal\u00eda Zona Centro sigue con las investigaciones y b\u00fasqueda de los cuatro hermanos menores de edad que fueron reportados como ausentes por su familia.<\/p>\n\n\n\n<p>Los hermanos son de nacionalidad estadounidense y se encuentran extraviados desde el pasado s\u00e1bado 28 de octubre cuando salieron de su hogar en la comunidad de L\u00e1zaro C\u00e1rdenas del municipio de Meoqui.<\/p>\n\n\n\n<p>La madre de los menores interpuso el reporte de ausencia ante el Ministerio P\u00fablico y desde ese momento se publicaron las pesquisas. Se enviaron los oficios de colaboraci\u00f3n a las dem\u00e1s autoridades tanto mexicanas como de los Estados Unidos.<\/p>\n\n\n\n<p>La Fiscal\u00eda Zona Centro report\u00f3 que dentro de las primeras indagatorias se estableci\u00f3 que el mayor de los hermanos coment\u00f3 a una persona cercana que hab\u00edan planeado irse a Oklahoma, Estados Unidos, de donde son originarios y en donde habita su padre.<\/p>\n\n\n\n<p>El viernes 27 de octubre, previo a la desaparici\u00f3n de los cuatro hermanos, en la misma zona se report\u00f3 la ausencia de una joven de 14 a\u00f1os, de nombre Jaqueline Pando Flores, quien ya fue localizada y su extrav\u00edo no tiene relaci\u00f3n alguna con los menores estadounidenses.<\/p>\n\n\n\n<p>(Informaci\u00f3n de \u201cEl Financiero\u201d)<\/p>\n","protected":false},"excerpt":{"rendered":"<p>Redacci\u00f3n\/Zona Roja Cdmx. Ciudad de M\u00e9xico, a 31 de octubre de 2023.- Las autoridades locales&hellip;<\/p>\n","protected":false},"author":2,"featured_media":61561,"comment_status":"closed","ping_status":"open","sticky":false,"template":"","format":"standard","meta":{"_lmt_disableupdate":"","_lmt_disable":"","_jetpack_memberships_contains_paid_content":false,"footnotes":""},"categories":[109,47],"tags":[3496],"class_list":["post-61564","post","type-post","status-publish","format-standard","has-post-thumbnail","hentry","category-minuto-a-minuto","category-zona-gris","tag-desaparecidos-mexico"],"jetpack_featured_media_url":"https:\/\/zonaroja.com.mx\/wp-content\/uploads\/2023\/10\/Desaparecidos-Estados-Unidos-en-Chihuahua.jpg","jetpack_sharing_enabled":true,"_links":{"self":[{"href":"https:\/\/zonaroja.com.mx\/index.php?rest_route=\/wp\/v2\/posts\/61564","targetHints":{"allow":["GET"]}}],"collection":[{"href":"https:\/\/zonaroja.com.mx\/index.php?rest_route=\/wp\/v2\/posts"}],"about":[{"href":"https:\/\/zonaroja.com.mx\/index.php?rest_route=\/wp\/v2\/types\/post"}],"author":[{"embeddable":true,"href":"https:\/\/zonaroja.com.mx\/index.php?rest_route=\/wp\/v2\/users\/2"}],"replies":[{"embeddable":true,"href":"https:\/\/zonaroja.com.mx\/index.php?rest_route=%2Fwp%2Fv2%2Fcomments&post=61564"}],"version-history":[{"count":1,"href":"https:\/\/zonaroja.com.mx\/index.php?rest_route=\/wp\/v2\/posts\/61564\/revisions"}],"predecessor-version":[{"id":61565,"href":"https:\/\/zonaroja.com.mx\/index.php?rest_route=\/wp\/v2\/posts\/61564\/revisions\/61565"}],"wp:featuredmedia":[{"embeddable":true,"href":"https:\/\/zonaroja.com.mx\/index.php?rest_route=\/wp\/v2\/media\/61561"}],"wp:attachment":[{"href":"https:\/\/zonaroja.com.mx\/index.php?rest_route=%2Fwp%2Fv2%2Fmedia&parent=61564"}],"wp:term":[{"taxonomy":"category","embeddable":true,"href":"https:\/\/zonaroja.com.mx\/index.php?rest_route=%2Fwp%2Fv2%2Fcategories&post=61564"},{"taxonomy":"post_tag","embeddable":true,"href":"https:\/\/zonaroja.com.mx\/index.php?rest_route=%2Fwp%2Fv2%2Ftags&post=61564"}],"curies":[{"name":"wp","href":"https:\/\/api.w.org\/{rel}","templated":true}]}}