{"id":61566,"date":"2023-10-31T10:30:00","date_gmt":"2023-10-31T16:30:00","guid":{"rendered":"http:\/\/www.zonaroja.com.mx\/?p=61566"},"modified":"2023-10-31T07:27:56","modified_gmt":"2023-10-31T13:27:56","slug":"vive-michoacan-enesima-jornada-violenta-y-gobernador-feliz-en-cdmx","status":"publish","type":"post","link":"https:\/\/zonaroja.com.mx\/?p=61566","title":{"rendered":"Vive Michoac\u00e1n en\u00e9sima jornada violenta\u2026 y gobernador feliz en Cdmx"},"content":{"rendered":"\n<p>Redacci\u00f3n\/Zona Roja Cdmx.<\/p>\n\n\n\n<p>Ciudad de M\u00e9xico, a 31 de octubre de 2023.- Nuevas balaceras y quemas de veh\u00edculos se registraron la tarde-noche del lunes en distintos puntos de Michoac\u00e1n, en torno a una ola de violencia que no cesa en la entidad gobernada por el morenista Alfredo Ram\u00edrez Bedolla.<\/p>\n\n\n\n<p>De acuerdo con la informaci\u00f3n, miembros del crimen organizado se enfrentaron a balazos al sur de la ciudad de Uruapan, en las inmediaciones de la colonia Santa Rosa.<\/p>\n\n\n\n<p>A trav\u00e9s de videos compartidos en redes sociales se puede escuchar la lluvia de balas. Del estruendo se puede inferir el uso de armas de grueso calibre. La balacera se escuch\u00f3 en el municipio por varios minutos.<\/p>\n\n\n\n<p>Por otro lado, en la carretera Charo-Indaparapeo en el oriente de la ciudad de Morelia, se registr\u00f3 la quema de un tr\u00e1iler que previamente fue robado y atravesado sobre la avenida.<\/p>\n\n\n\n<p>La quema del tractocami\u00f3n, registrada justo a la altura de la comunidad de La Herradura, moviliz\u00f3 a oficiales de la Guardia Civil y bomberos, quienes se encargaron de sofocar el fuego y mover la unidad para reabrir la circulaci\u00f3n.<\/p>\n\n\n\n<p>Por estos hechos no hubo personas heridas ni fallecidas; el conductor de la unidad tambi\u00e9n result\u00f3 ileso.<\/p>\n\n\n\n<p>Hasta el momento se desconoce qu\u00e9 grupos delictivos participaron tanto en la balacera como en la quema del tr\u00e1iler.<\/p>\n\n\n\n<p>EN LA F\u00d3RMULA 1<\/p>\n\n\n\n<p>Pese a la ola de violencia que Michoac\u00e1n vive desde hace tiempo, y que se ha recrudecido en los \u00faltimos meses, el gobernador Alfredo Ram\u00edrez Bedolla se dio un tiempo para darse un respiro y disfrutar del Gran Premio de M\u00e9xico de la F\u00f3rmula 1, que se llev\u00f3 a cabo el pasado domingo en el Aut\u00f3dromo Hermanos Rodr\u00edguez, en la Ciudad de M\u00e9xico.<\/p>\n\n\n\n<p>El morenista fue descubierto por reporteros cuando \u00e9ste sal\u00eda de las instalaciones momentos antes de que finalizara el evento. Con paso r\u00e1pido y lanzando palabras para animar al piloto mexicano Sergio \u201cCheco\u201d P\u00e9rez, el funcionario fue captado en video mientras trataba de evitar contestar preguntas sobre cu\u00e1nto hab\u00eda gastado en el boleto para asistir y sobre c\u00f3mo va la administraci\u00f3n de Michoac\u00e1n.<\/p>\n\n\n\n<p>Gobernador: Dio todo Checo, vamos con todo.<\/p>\n\n\n\n<p>Reportero: \u00bfSe desanim\u00f3?<\/p>\n\n\n\n<p>Gobernador: Nombre, vamos bien.<\/p>\n\n\n\n<p>Reportero: \u00bfY por qu\u00e9 se va antes?<\/p>\n\n\n\n<p>Gobernador: Ya no est\u00e1 Checo. \u00a1Vamos!<\/p>\n\n\n\n<p>Reportero: \u00bfCu\u00e1nto invirti\u00f3? \u00bfCon qui\u00e9n vino a la carrera?<\/p>\n\n\n\n<p>Gobernador: Saludos. H\u00edjole, lo dio todo Checo.<\/p>\n\n\n\n<p>En este momento al periodista Jorge Ricardo se le oye decir que un sujeto, al parecer una escolta del mandatario estatal, lo estaba deteniendo con el objetivo de bloquearle el paso al gobernador: \u201cMira ac\u00e1 ya me est\u00e1 agarrando este se\u00f1or\u201d.<\/p>\n\n\n\n<p>No obstante, el comunicador decide lanzar un \u00faltimo cuestionamiento sobre c\u00f3mo iba Michoac\u00e1n, a lo que el funcionario voltea la cabeza con expresi\u00f3n molesta para decir: \u201cBien, muy bien\u201d.<\/p>\n\n\n\n<p>Im\u00e1genes que circularon a trav\u00e9s de las redes sociales dejaron ver que el mandatario estatal estuvo acompa\u00f1ado de Ram\u00f3n L\u00f3pez Beltr\u00e1n, hijo del presidente Andr\u00e9s Manuel L\u00f3pez Obrador.<\/p>\n\n\n\n<p>De acuerdo con el Informe de Seguridad que emite a diario la Secretar\u00eda de Seguridad y Protecci\u00f3n Ciudadana (SSPC), del viernes 27 al domingo 29 de octubre se registraron 18 homicidios dolosos en Michoac\u00e1n: cinco el viernes, siete el s\u00e1bado y seis el domingo.<\/p>\n\n\n\n<p>(Informaci\u00f3n de Infobae M\u00e9xico)<\/p>\n","protected":false},"excerpt":{"rendered":"<p>Redacci\u00f3n\/Zona Roja Cdmx. Ciudad de M\u00e9xico, a 31 de octubre de 2023.- Nuevas balaceras y&hellip;<\/p>\n","protected":false},"author":2,"featured_media":61567,"comment_status":"closed","ping_status":"open","sticky":false,"template":"","format":"standard","meta":{"_lmt_disableupdate":"","_lmt_disable":"","_jetpack_memberships_contains_paid_content":false,"footnotes":""},"categories":[109,47],"tags":[622],"class_list":["post-61566","post","type-post","status-publish","format-standard","has-post-thumbnail","hentry","category-minuto-a-minuto","category-zona-gris","tag-michoacan"],"jetpack_featured_media_url":"https:\/\/zonaroja.com.mx\/wp-content\/uploads\/2023\/10\/Violencia-Michoacan-enfrentamientos.jpg","jetpack_sharing_enabled":true,"_links":{"self":[{"href":"https:\/\/zonaroja.com.mx\/index.php?rest_route=\/wp\/v2\/posts\/61566","targetHints":{"allow":["GET"]}}],"collection":[{"href":"https:\/\/zonaroja.com.mx\/index.php?rest_route=\/wp\/v2\/posts"}],"about":[{"href":"https:\/\/zonaroja.com.mx\/index.php?rest_route=\/wp\/v2\/types\/post"}],"author":[{"embeddable":true,"href":"https:\/\/zonaroja.com.mx\/index.php?rest_route=\/wp\/v2\/users\/2"}],"replies":[{"embeddable":true,"href":"https:\/\/zonaroja.com.mx\/index.php?rest_route=%2Fwp%2Fv2%2Fcomments&post=61566"}],"version-history":[{"count":1,"href":"https:\/\/zonaroja.com.mx\/index.php?rest_route=\/wp\/v2\/posts\/61566\/revisions"}],"predecessor-version":[{"id":61568,"href":"https:\/\/zonaroja.com.mx\/index.php?rest_route=\/wp\/v2\/posts\/61566\/revisions\/61568"}],"wp:featuredmedia":[{"embeddable":true,"href":"https:\/\/zonaroja.com.mx\/index.php?rest_route=\/wp\/v2\/media\/61567"}],"wp:attachment":[{"href":"https:\/\/zonaroja.com.mx\/index.php?rest_route=%2Fwp%2Fv2%2Fmedia&parent=61566"}],"wp:term":[{"taxonomy":"category","embeddable":true,"href":"https:\/\/zonaroja.com.mx\/index.php?rest_route=%2Fwp%2Fv2%2Fcategories&post=61566"},{"taxonomy":"post_tag","embeddable":true,"href":"https:\/\/zonaroja.com.mx\/index.php?rest_route=%2Fwp%2Fv2%2Ftags&post=61566"}],"curies":[{"name":"wp","href":"https:\/\/api.w.org\/{rel}","templated":true}]}}