{"id":61572,"date":"2023-10-31T13:30:00","date_gmt":"2023-10-31T19:30:00","guid":{"rendered":"http:\/\/www.zonaroja.com.mx\/?p=61572"},"modified":"2023-10-31T07:43:51","modified_gmt":"2023-10-31T13:43:51","slug":"guerra-israel-palestina-ha-dejado-mas-de-3-mil-ninos-muertos","status":"publish","type":"post","link":"https:\/\/zonaroja.com.mx\/?p=61572","title":{"rendered":"Guerra Israel-Palestina ha dejado m\u00e1s de 3 mil ni\u00f1os muertos"},"content":{"rendered":"\n<p>Redacci\u00f3n\/Zona Roja Cdmx.<\/p>\n\n\n\n<p>Ciudad de M\u00e9xico, a 31 de octubre de 2023.- Los ataques realizados por Israel en la Franja de Gaza, desde el pasado 7 de octubre, han provocado la muerte de m\u00e1s de 3 mil ni\u00f1os, cifra que supera el n\u00famero de personas de la infancia asesinadas en todo el primer a\u00f1o de la guerra de Rusia contra Ucrania, asegur\u00f3 el Monitor Euro-Med de Derechos Humanos.<\/p>\n\n\n\n<p>El Euro-Med Monitor, con sede en Ginebra, confirm\u00f3 la muerte de 3 mil 457 ni\u00f1os, en el transcurso de 24 d\u00edas de ataques a\u00e9reos y bombardeos de artiller\u00eda israel\u00edes en la Franja de Gaza. Adem\u00e1s, se report\u00f3 que mil infantes m\u00e1s estaban desaparecidos bajo los escombros. De acuerdo con datos de las Naciones Unidas, esta cifra es m\u00e1s de 10 veces el n\u00famero de ni\u00f1os asesinados en el primer a\u00f1o de la guerra de Rusia contra Ucrania (de finales de febrero de 2022 a finales de febrero de 2023).<\/p>\n\n\n\n<p>Adem\u00e1s, los ni\u00f1os menores de 18 a\u00f1os, que representan el 47 por ciento de los 2.3 millones de personas que viven en la Franja de Gaza, padecen desde hace tiempo problemas de salud mental, afirm\u00f3 Euro-Med Monitor. La instituci\u00f3n detall\u00f3 que muchos de estos ni\u00f1os tambi\u00e9n se encuentran sin hogar, sin acceso a alimentos ni a agua potable, o se vieron obligados a huir bajo fuego a la parte sur del pa\u00eds, lo que ha exacerbado los traumas que sufren.<\/p>\n\n\n\n<p>Por ello, el grupo de derechos humanos hizo un llamado a la comunidad internacional, este lunes 30 de octubre, para \u201cponer fin a su atroz pol\u00edtica de doble rasero mostrando apoyo a los ni\u00f1os de Gaza adem\u00e1s de a los de Ucrania\u201d.<\/p>\n\n\n\n<p>Pese a las cifras, el portavoz militar de Israel, Jonathan Conricus, se\u00f1al\u00f3 que Naciones Unidas y las organizaciones humanitarias deber\u00edan tomar con \u201cextrema cautela\u201d las cifras de v\u00edctimas mortales por el conflicto en Gaza.<\/p>\n\n\n\n<p>\u201dLa ONU cree que esas cifras son cre\u00edbles, pero yo tomar\u00eda con mucha cautela la veracidad de todo lo que sale de Gaza\u201d, asegur\u00f3 Conricus en una conferencia de prensa telem\u00e1tica desde Israel, quien asegur\u00f3 que las fuerzas israel\u00edes \u201chacen todo lo posible por minimizar los da\u00f1os a los civiles\u201d.<\/p>\n\n\n\n<p>Naciones Unidas utiliza en sus informaciones diarias las estad\u00edsticas del Ministerio de Salud de Gaza, gobernada por Ham\u00e1s, que cifra en m\u00e1s de 8 mil los muertos por los ataques israel\u00edes, entre ellos m\u00e1s de 3 mil ni\u00f1os y m\u00e1s de 2 mil mujeres.<\/p>\n\n\n\n<p>\u201dConstantemente inflan esos n\u00fameros, nunca dicen cu\u00e1ntas de estas v\u00edctimas son combatientes, y por alguna raz\u00f3n est\u00e1n infrarrepresentados los fallecidos en la banda de edad de entre 17 y 35 a\u00f1os\u201d, argument\u00f3 Conricus. \u201dDesgraciadamente, vemos que estas cifras son usadas por muchos en los medios internacionales\u201d, a\u00f1adi\u00f3 el portavoz.<\/p>\n\n\n\n<p>INTENSIFICA ASEDIO<\/p>\n\n\n\n<p>Israel ha enviado tropas y tanques al norte de la Franja de Gaza en lo que llama la segunda y m\u00e1s larga fase de su guerra contra Ham\u00e1s, un enfoque m\u00e1s cauteloso de lo que prometi\u00f3 despu\u00e9s del ataque del grupo militante del 7 de octubre que mat\u00f3 a 1,400 personas.<\/p>\n\n\n\n<p>En lugar de una invasi\u00f3n terrestre masiva, los militares han comenzado lentamente, adoptando un enfoque diario basado en las bajas, la preocupaci\u00f3n de que el conflicto se extienda a Hezbol\u00e1 en el norte y las presiones pol\u00edticas internas sobre el primer ministro Benjam\u00edn Netanyahu. La expectativa es que la campa\u00f1a dure entre seis semanas y seis meses, seg\u00fan varios funcionarios.<\/p>\n\n\n\n<p>El objetivo, seg\u00fan los funcionarios, es distinto de conflictos anteriores con Gaza, cuando el plan era dejar a Ham\u00e1s da\u00f1ado pero a\u00fan en pie. Ahora, el gobierno quiere destruirla como organizaci\u00f3n y garantizar que Gaza ya no sea una fuente de violencia antiisrael\u00ed, dijeron los funcionarios, que pidieron no ser identificados porque discuten temas delicados.<\/p>\n\n\n\n<p>A\u00fan no est\u00e1 claro qu\u00e9 tan realista es esto, y Estados Unidos y otros aliados est\u00e1n presionando a Israel para que sea m\u00e1s espec\u00edfico acerca de sus objetivos, as\u00ed como para que esboce una visi\u00f3n de lo que suceder\u00e1 a continuaci\u00f3n.<\/p>\n\n\n\n<p>(Con informaci\u00f3n de EFE y Bloomberg, en \u201cEl Financiero\u201d)<\/p>\n","protected":false},"excerpt":{"rendered":"<p>Redacci\u00f3n\/Zona Roja Cdmx. Ciudad de M\u00e9xico, a 31 de octubre de 2023.- Los ataques realizados&hellip;<\/p>\n","protected":false},"author":2,"featured_media":61573,"comment_status":"closed","ping_status":"open","sticky":false,"template":"","format":"standard","meta":{"_lmt_disableupdate":"","_lmt_disable":"","_jetpack_memberships_contains_paid_content":false,"footnotes":""},"categories":[109,47],"tags":[2668],"class_list":["post-61572","post","type-post","status-publish","format-standard","has-post-thumbnail","hentry","category-minuto-a-minuto","category-zona-gris","tag-conflicto-gaza-israel"],"jetpack_featured_media_url":"https:\/\/zonaroja.com.mx\/wp-content\/uploads\/2023\/10\/Ninos-muertos-guerra-Palestina-Israel.jpeg","jetpack_sharing_enabled":true,"_links":{"self":[{"href":"https:\/\/zonaroja.com.mx\/index.php?rest_route=\/wp\/v2\/posts\/61572","targetHints":{"allow":["GET"]}}],"collection":[{"href":"https:\/\/zonaroja.com.mx\/index.php?rest_route=\/wp\/v2\/posts"}],"about":[{"href":"https:\/\/zonaroja.com.mx\/index.php?rest_route=\/wp\/v2\/types\/post"}],"author":[{"embeddable":true,"href":"https:\/\/zonaroja.com.mx\/index.php?rest_route=\/wp\/v2\/users\/2"}],"replies":[{"embeddable":true,"href":"https:\/\/zonaroja.com.mx\/index.php?rest_route=%2Fwp%2Fv2%2Fcomments&post=61572"}],"version-history":[{"count":1,"href":"https:\/\/zonaroja.com.mx\/index.php?rest_route=\/wp\/v2\/posts\/61572\/revisions"}],"predecessor-version":[{"id":61574,"href":"https:\/\/zonaroja.com.mx\/index.php?rest_route=\/wp\/v2\/posts\/61572\/revisions\/61574"}],"wp:featuredmedia":[{"embeddable":true,"href":"https:\/\/zonaroja.com.mx\/index.php?rest_route=\/wp\/v2\/media\/61573"}],"wp:attachment":[{"href":"https:\/\/zonaroja.com.mx\/index.php?rest_route=%2Fwp%2Fv2%2Fmedia&parent=61572"}],"wp:term":[{"taxonomy":"category","embeddable":true,"href":"https:\/\/zonaroja.com.mx\/index.php?rest_route=%2Fwp%2Fv2%2Fcategories&post=61572"},{"taxonomy":"post_tag","embeddable":true,"href":"https:\/\/zonaroja.com.mx\/index.php?rest_route=%2Fwp%2Fv2%2Ftags&post=61572"}],"curies":[{"name":"wp","href":"https:\/\/api.w.org\/{rel}","templated":true}]}}