{"id":61578,"date":"2023-10-31T15:26:18","date_gmt":"2023-10-31T21:26:18","guid":{"rendered":"http:\/\/www.zonaroja.com.mx\/?p=61578"},"modified":"2023-10-31T15:26:21","modified_gmt":"2023-10-31T21:26:21","slug":"pilar-puede-evolucionar-a-hurac%d0%b1n-frente-a-costas-de-guerrero-smn","status":"publish","type":"post","link":"https:\/\/zonaroja.com.mx\/?p=61578","title":{"rendered":"\u2018Pilar\u2019 puede evolucionar a hurac\u0431n frente a costas de Guerrero: SMN"},"content":{"rendered":"\n<p>Redacci\u00f3n\/Zona Roja Cdmx.<\/p>\n\n\n\n<p>Ciudad de M\u00e9xico, a 31 de enero de 2023.- Entre el viernes y s\u00e1bado, la tormenta tropical \u201cPilar\u201d se posicionar\u00e1 frente al estado de Guerrero, a 800 kil\u00f3metros de sus costas, por lo que el Servicio Meteorol\u00f3gico Nacional (SMN) mantiene permanente vigilancia al cicl\u00f3n, ya que no se descarta que se convierta en hurac\u00e1n.<\/p>\n\n\n\n<p>&nbsp;\u201cExisten condiciones para que (\u2018Pilar\u2019) pueda alcanzar la categor\u00eda de hurac\u00e1n\u201d, ya que la temperatura del agua del mar en esa zona del Pac\u00edfico se mantiene en 30 grados, se\u00f1al\u00f3 Alejandra M\u00e9ndez Gir\u00f3n, coordinadora del SMN.<\/p>\n\n\n\n<p>No obstante, enfatiz\u00f3, habr\u00e1 que esperar un periodo de 72 horas \u201cpara dar un pron\u00f3stico m\u00e1s certero\u201d, ya que el movimiento del fen\u00f3meno es \u201cerr\u00e1tico\u201d.<\/p>\n\n\n\n<p>Durante la sesi\u00f3n del Comit\u00e9 T\u00e9cnico de Operaci\u00f3n de Obras Hidr\u00e1ulicas, la funcionaria explic\u00f3 que se espera que para ma\u00f1ana mi\u00e9rcoles la tormenta tropical cambie de direcci\u00f3n hacia el oeste, y el viernes o s\u00e1bado se localice frente a las costas de Guerrero, entidad que fue devastada por el hurac\u00e1n Otis de categor\u00eda 5 la semana anterior.<\/p>\n\n\n\n<p>Agreg\u00f3 que los modelos num\u00e9ricos arrojan, hasta el momento, que para el domingo Pilar \u201cse abra un poco m\u00e1s\u201d y se aleje de las costas.<\/p>\n\n\n\n<p>\u201cGeneralmente los sistemas cicl\u00f3nicos en \u00e9poca de interacci\u00f3n de sistemas de verano e invierno, tienen trayectorias err\u00e1ticas y pueden cambiar. Esto se da generalmente en octubre y noviembre, por lo cual se tiene vigilancia 24 horas sobre estos sistemas\u201d, indic\u00f3.<\/p>\n\n\n\n<p>Hasta las 09:00 horas de este martes, tiempo del centro de M\u00e9xico, la tormenta tropical Pilar, se localiz\u00f3 a 445 kil\u00f3metros al sureste de la desembocadura del R\u00edo Suchiate, frontera entre M\u00e9xico y Guatemala, y a 290 kil\u00f3metros al sur-suroeste de San Salvador, El Salvador.<\/p>\n\n\n\n<p>La coordinadora del SMN mencion\u00f3 que existe la posibilidad de que un sistema m\u00e1s impacte el territorio nacional y record\u00f3 que la temporada de ciclones concluye el 30 de noviembre.<\/p>\n\n\n\n<p>Expuso que el promedio de impactos de ciclones de los \u00faltimos 50 a\u00f1os es de 5.4. Dijo que hasta el momento siete sistemas han afectado al pa\u00eds, y de acuerdo a las estad\u00edsticas, en 2022 impactaron 10 y en 2021, ocho.<\/p>\n\n\n\n<p>Respecto a los pron\u00f3sticos de lluvia para noviembre, se espera una perspectiva de precipitaci\u00f3n con un d\u00e9ficit de 8.4 por ciento, y adelant\u00f3 que para enero del 2024, habr\u00e1 un d\u00e9ficit de 38.6 por ciento.<\/p>\n\n\n\n<p>(Informaci\u00f3n de \u201cLa Jornada\u201d)<\/p>\n","protected":false},"excerpt":{"rendered":"<p>Redacci\u00f3n\/Zona Roja Cdmx. Ciudad de M\u00e9xico, a 31 de enero de 2023.- Entre el viernes&hellip;<\/p>\n","protected":false},"author":2,"featured_media":61579,"comment_status":"closed","ping_status":"open","sticky":false,"template":"","format":"standard","meta":{"_lmt_disableupdate":"","_lmt_disable":"","_jetpack_memberships_contains_paid_content":false,"footnotes":""},"categories":[109,47],"tags":[],"class_list":["post-61578","post","type-post","status-publish","format-standard","has-post-thumbnail","hentry","category-minuto-a-minuto","category-zona-gris"],"jetpack_featured_media_url":"https:\/\/zonaroja.com.mx\/wp-content\/uploads\/2023\/10\/Imagen.jpeg","jetpack_sharing_enabled":true,"_links":{"self":[{"href":"https:\/\/zonaroja.com.mx\/index.php?rest_route=\/wp\/v2\/posts\/61578","targetHints":{"allow":["GET"]}}],"collection":[{"href":"https:\/\/zonaroja.com.mx\/index.php?rest_route=\/wp\/v2\/posts"}],"about":[{"href":"https:\/\/zonaroja.com.mx\/index.php?rest_route=\/wp\/v2\/types\/post"}],"author":[{"embeddable":true,"href":"https:\/\/zonaroja.com.mx\/index.php?rest_route=\/wp\/v2\/users\/2"}],"replies":[{"embeddable":true,"href":"https:\/\/zonaroja.com.mx\/index.php?rest_route=%2Fwp%2Fv2%2Fcomments&post=61578"}],"version-history":[{"count":1,"href":"https:\/\/zonaroja.com.mx\/index.php?rest_route=\/wp\/v2\/posts\/61578\/revisions"}],"predecessor-version":[{"id":61580,"href":"https:\/\/zonaroja.com.mx\/index.php?rest_route=\/wp\/v2\/posts\/61578\/revisions\/61580"}],"wp:featuredmedia":[{"embeddable":true,"href":"https:\/\/zonaroja.com.mx\/index.php?rest_route=\/wp\/v2\/media\/61579"}],"wp:attachment":[{"href":"https:\/\/zonaroja.com.mx\/index.php?rest_route=%2Fwp%2Fv2%2Fmedia&parent=61578"}],"wp:term":[{"taxonomy":"category","embeddable":true,"href":"https:\/\/zonaroja.com.mx\/index.php?rest_route=%2Fwp%2Fv2%2Fcategories&post=61578"},{"taxonomy":"post_tag","embeddable":true,"href":"https:\/\/zonaroja.com.mx\/index.php?rest_route=%2Fwp%2Fv2%2Ftags&post=61578"}],"curies":[{"name":"wp","href":"https:\/\/api.w.org\/{rel}","templated":true}]}}