{"id":61585,"date":"2023-10-31T19:52:30","date_gmt":"2023-11-01T01:52:30","guid":{"rendered":"http:\/\/www.zonaroja.com.mx\/?p=61585"},"modified":"2023-10-31T20:02:51","modified_gmt":"2023-11-01T02:02:51","slug":"sigue-la-desbandada-en-el-pri-ahora-renuncia-el-secretario-de-organizacion","status":"publish","type":"post","link":"https:\/\/zonaroja.com.mx\/?p=61585","title":{"rendered":"Sigue la desbandada en el PRI; ahora renuncia el secretario de Organizaci\u00f3n"},"content":{"rendered":"\n<p>Redacci\u00f3n\/Zona Roja.<\/p>\n\n\n\n<p>Oaxaca de Ju\u00e1rez, Oax., a 31 de octubre de 2023.- Tras la dimisi\u00f3n forzada de Javier Villaca\u00f1a Jim\u00e9nez a la dirigencia estatal del PRI, ahora Marco Antonio Hern\u00e1ndez Cuevas, dej\u00f3 la Secretar\u00eda de Organizaci\u00f3n.<\/p>\n\n\n\n<p>En tanto, se confirm\u00f3 a Mar\u00eda del Carmen Ric\u00e1rdez Vela como presidenta estatal del partido, mientras que Liz Concha Ojeda seguir\u00e1 como secretaria General.<\/p>\n\n\n\n<p>Con ello, de acuerdo con fuentes priistas, se sigue desmantelando el grupo que encabezaban la dupla Villaca\u00f1a-Alejandro Avil\u00e9s \u00c1lvarez, quien pretend\u00eda ser candidato a senador.<\/p>\n\n\n\n<p>Estas dimisiones forzadas se dan tambi\u00e9n en el marco de las recientes declaraciones del gobernador Salom\u00f3n Jara Cruz, quien ha reiterado que no habr\u00e1 impunidad en contra de quienes conforman el llamado \u201cC\u00e1rtel del agua\u201d, en referencia a quienes dirigieron el organismo SAPAO en el sexenio anterior.<\/p>\n\n\n\n<p>Una es Laura Vign\u00f3n, del equipo de Javier Villaca\u00f1a y quien presuntamente favoreci\u00f3 con contratos al ahora ex dirigente priista.<\/p>\n\n\n\n<p>El otro es Reynaldo Hern\u00e1ndez Cuevas, hermano de Marco Antonio Hern\u00e1ndez, quien tambi\u00e9n es se\u00f1alado de presuntamente cometer diversos actos de corrupci\u00f3n en Servicios de Agua Potable y Alcantarillado de Oaxaca, hoy SOAPA.<\/p>\n\n\n\n<p>La determinaci\u00f3n la habr\u00eda tomado tambi\u00e9n Alejandro Moreno C\u00e1rdenas, dirigente nacional del PRI, a sugerencia del ex gobernador de Oaxaca, Jos\u00e9 Murat, a fin de recomponer la relaci\u00f3n entre ambos.<\/p>\n\n\n\n<p>Lo que queda de la militancia del PRI ha aplaudido la decisi\u00f3n tomada a nivel nacional, que incluye el env\u00edo de un delegado nacional, Javier Casique Z\u00e1rate, tambi\u00e9n recomendado por Murat.<\/p>\n","protected":false},"excerpt":{"rendered":"<p>Redacci\u00f3n\/Zona Roja. Oaxaca de Ju\u00e1rez, Oax., a 31 de octubre de 2023.- Tras la dimisi\u00f3n&hellip;<\/p>\n","protected":false},"author":2,"featured_media":61586,"comment_status":"closed","ping_status":"open","sticky":false,"template":"","format":"standard","meta":{"_lmt_disableupdate":"","_lmt_disable":"","_jetpack_memberships_contains_paid_content":false,"footnotes":""},"categories":[109,47],"tags":[1246],"class_list":["post-61585","post","type-post","status-publish","format-standard","has-post-thumbnail","hentry","category-minuto-a-minuto","category-zona-gris","tag-partido-revolucionario-institucional-pri"],"jetpack_featured_media_url":"https:\/\/zonaroja.com.mx\/wp-content\/uploads\/2023\/10\/Marco-Cuevas-PRI-Villacana.jpeg","jetpack_sharing_enabled":true,"_links":{"self":[{"href":"https:\/\/zonaroja.com.mx\/index.php?rest_route=\/wp\/v2\/posts\/61585","targetHints":{"allow":["GET"]}}],"collection":[{"href":"https:\/\/zonaroja.com.mx\/index.php?rest_route=\/wp\/v2\/posts"}],"about":[{"href":"https:\/\/zonaroja.com.mx\/index.php?rest_route=\/wp\/v2\/types\/post"}],"author":[{"embeddable":true,"href":"https:\/\/zonaroja.com.mx\/index.php?rest_route=\/wp\/v2\/users\/2"}],"replies":[{"embeddable":true,"href":"https:\/\/zonaroja.com.mx\/index.php?rest_route=%2Fwp%2Fv2%2Fcomments&post=61585"}],"version-history":[{"count":2,"href":"https:\/\/zonaroja.com.mx\/index.php?rest_route=\/wp\/v2\/posts\/61585\/revisions"}],"predecessor-version":[{"id":61588,"href":"https:\/\/zonaroja.com.mx\/index.php?rest_route=\/wp\/v2\/posts\/61585\/revisions\/61588"}],"wp:featuredmedia":[{"embeddable":true,"href":"https:\/\/zonaroja.com.mx\/index.php?rest_route=\/wp\/v2\/media\/61586"}],"wp:attachment":[{"href":"https:\/\/zonaroja.com.mx\/index.php?rest_route=%2Fwp%2Fv2%2Fmedia&parent=61585"}],"wp:term":[{"taxonomy":"category","embeddable":true,"href":"https:\/\/zonaroja.com.mx\/index.php?rest_route=%2Fwp%2Fv2%2Fcategories&post=61585"},{"taxonomy":"post_tag","embeddable":true,"href":"https:\/\/zonaroja.com.mx\/index.php?rest_route=%2Fwp%2Fv2%2Ftags&post=61585"}],"curies":[{"name":"wp","href":"https:\/\/api.w.org\/{rel}","templated":true}]}}