{"id":61589,"date":"2023-10-31T20:59:49","date_gmt":"2023-11-01T02:59:49","guid":{"rendered":"http:\/\/www.zonaroja.com.mx\/?p=61589"},"modified":"2023-10-31T20:59:52","modified_gmt":"2023-11-01T02:59:52","slug":"opinion-refrescandoles-la-memoria","status":"publish","type":"post","link":"https:\/\/zonaroja.com.mx\/?p=61589","title":{"rendered":"Opini\u00f3n. Refresc\u00e1ndoles\u00a0la memoria"},"content":{"rendered":"\n<p>N\u00e9stor Y. S\u00e1nchez Islas<\/p>\n\n\n\n<p>Es un deber ciudadano ayudar a las autoridades cuando esto sea posible. Cumpliendo con estos deberes vamos a refrescar la memoria del ayuntamiento (con min\u00fascula) de Oaxaca de Ju\u00e1rez. Naturalmente lo primero que deben&nbsp;recordar es que la ciudad nos pertenece a todos.&nbsp;<\/p>\n\n\n\n<p>Oaxaca&nbsp;no&nbsp;es propiedad de&nbsp;un partido o movimiento pol\u00edtico, es absolutamente plural y diversa y, si vivi\u00e9ramos en condiciones de Estado de Derecho, tampoco deber\u00eda ser&nbsp;privatizada a favor&nbsp;de ambulantes y l\u00edderes de toda&nbsp;tipo.&nbsp;<\/p>\n\n\n\n<p>Para nuestra desgracias, el cabildo est\u00e1 al servicio, en primer\u00edsimo lugar,&nbsp;de sus sindicatos,&nbsp;luego&nbsp;de&nbsp;su clientela electoral y&nbsp;de&nbsp;las mafias que los apoyaron para llegar al&nbsp;poder, al \u00faltimo y&nbsp;sin consideraci\u00f3n alguna, estamos todos los dem\u00e1s&nbsp;quienes,&nbsp;por cierto, somos los contribuyentes.<\/p>\n\n\n\n<p>Una comparaci\u00f3n ser\u00e1 muy \u00fatil para ilustrar al cabildo municipal de que&nbsp;su funci\u00f3n&nbsp;es&nbsp;servir y atender&nbsp;a sus habitantes y contribuyentes y tratar de dejar de ser, junto con el ayuntamiento anterior, los peores&nbsp;en la historia de la capital.<\/p>\n\n\n\n<p>Corr\u00eda el a\u00f1o&nbsp;1892&nbsp;y se sab\u00eda que ese a\u00f1o se inaugurar\u00eda el ferrocarril.&nbsp;<\/p>\n\n\n\n<p>La ciudad viv\u00eda un estado de emoci\u00f3n&nbsp;para recibir a sus visitantes&nbsp;y&nbsp;la autoridad orden\u00f3: \u201c\u00a1Ah! Recomendamos a nuestro Ayuntamiento, se fije (porque en este a\u00f1o tal vez se inaugura el Ferrocarril y nos invadir\u00e1n las multitudes) en que no basta hacer recordar que las fachadas de las casas deben asearse, sino que es preciso quitarles todos los desperfectos, remendarlas, recortarlas, en fin, hacer con ellas todo aquello que indique que se ponen de gala, porque esperan al novio, es decir, al viajero \u00e1vido de conocer la tierra en que han nacido y se han formado tantos hombres ilustres.&nbsp;<\/p>\n\n\n\n<p>\u00bfDe qu\u00e9 sirve encalar una pared que es de solo adobe, aquella que amenaza ruina, \u00e9sta que est\u00e1 ensalitrada? (Peri\u00f3dico Oficial, n\u00fam. 27, t. XII, 17 de marzo de 1892, Oaxaca de Ju\u00e1rez, p. 2. Disponible en:&nbsp;https:\/\/goo.su\/GBx672v).<\/p>\n\n\n\n<p>Corre el a\u00f1o 2023, han pasado 131 a\u00f1os,&nbsp;la sociedad ha evolucionado, pero&nbsp;las cosas&nbsp;se han llevado al extremo gracias al relativismo&nbsp;oportunista&nbsp;de quienes se hicieron con el poder usando una narrativa de redenci\u00f3n, pero absolutamente falsa por irrealizable.&nbsp;<\/p>\n\n\n\n<p>Hoy se recibe a los visitantes con una ciudad muladar, ca\u00f3tica y con la informalidad&nbsp;fomentada&nbsp;desde el propio gobierno en nombre de supuestos artesanos pobres. La autoridad es la propia promotora del ambulantaje y evasi\u00f3n fiscal.<\/p>\n\n\n\n<p>Ustedes, el gobierno,&nbsp;han&nbsp;tomado a nuestra ciudad, patrimonio de la humanidad, como su propiedad y la explotan a placer&nbsp;para obtener todas las rentas posibles. Igual disponen de calles, plazas y avenidas para su clientela que ocupan el Auditorio Guelaguetza para m\u00edtines dignos de un megal\u00f3mano desconocido que pretende una candidatura. El gobierno estatal est\u00e1 en la misma situaci\u00f3n, depreda plazas y jardines en el centro de la capital&nbsp;cuando deber\u00edan atender las periferias abandonadas.<\/p>\n\n\n\n<p>Desde aqu\u00ed le refrescamos&nbsp;sola&nbsp;la memoria a quienes tiene el poder porque \u00e9ste se&nbsp;acabar\u00e1.&nbsp;Explotar&nbsp;un patrimonio ajeno en beneficio personal ya est\u00e1 registrado no solo en los medios, sino en la memoria colectiva, misma que seguramente les&nbsp;refrescar\u00e1&nbsp;nosolo&nbsp;la memoria, sino a toda su descendencia familiar.Para empezar, ya hubo bloqueos de comerciantes establecidos.<\/p>\n\n\n\n<p>JOS\u00c9 MAR\u00cdA MURI\u00c1<\/p>\n\n\n\n<p>\u201cYo me propuse rescatar la memoria de Gilberto Bosques y algo he avanzado\u201d, afirm\u00f3 en una de las dos conferencia que dio en Oaxaca apenas hace una semana.&nbsp;Su prestigio incluye su pertenencia a la Academia Mexicana de la Lengua, al Sistema Nacional de Investigadores o al Colegio de Jalisco entre otrosmuchos&nbsp;m\u00e9ritos.<\/p>\n\n\n\n<p>Gracias a sus trabajo como director del Archivo Hist\u00f3rico de la&nbsp;SRE&nbsp;pudo rescatar la memoria de quien ha sido llamado el \u201cSchindler mexicano\u201d, aunque deber\u00eda ser al rev\u00e9s porque el alem\u00e1n pudo salvar la vida de poco m\u00e1s de mil jud\u00edos durante la Segunda Guerra Mundial, pero Gilberto Bosques, con el apoyo del General L\u00e1zaro C\u00e1rdenas, pudo salvar la vida de entre 150 y 200 mil europeos a quienes abri\u00f3 la puerta para su exilio en M\u00e9xico.<\/p>\n\n\n\n<p>Un jalisciense hijo del exilio espa\u00f1ol en M\u00e9xico y cuyo padre&nbsp;tambi\u00e9n&nbsp;combati\u00f3, en diferente&nbsp;tiempo,&nbsp;pero en&nbsp;las mismas trincheras&nbsp;de la Sierra de&nbsp;P\u00e1ndols&nbsp;que N\u00e9stor S\u00e1nchez&nbsp;Hern\u00e1ndez&nbsp;en el frente del Ebro en la Guerra Civil Espa\u00f1ola, se declara profundo admirador del periodista oaxaque\u00f1o y&nbsp;se hermana con \u00e9l&nbsp;a trav\u00e9s de la sangre que \u00e9ste y su compa\u00f1ero Jos\u00e9 Jaramillo derramaron por la libertad de aquel pa\u00eds ante el avance fascista.<\/p>\n\n\n\n<p>Hoy se ha fijado un prop\u00f3sito, guardando las debidas proporciones&nbsp;respecto de la obra de Gilberto Bosques,&nbsp;y se dice dispuesto a divulgar la&nbsp;memoria, a&nbsp;nivel nacional,&nbsp;del oaxaque\u00f1o a&nbsp;quien califica como un gran&nbsp;mexicano que \u201cfue a llevar el nombre de nuestra patria con una enorme dignidad a otros suelos en defensa de una causa evidentemente justa, pero a quienes los gobiernos dejaron a su suerte una vez que dejaron los frentes de batalla.\u201d<\/p>\n\n\n\n<p>nestoryuri@yahoo.com<\/p>\n","protected":false},"excerpt":{"rendered":"<p>N\u00e9stor Y. S\u00e1nchez Islas Es un deber ciudadano ayudar a las autoridades cuando esto sea&hellip;<\/p>\n","protected":false},"author":2,"featured_media":41861,"comment_status":"closed","ping_status":"open","sticky":false,"template":"","format":"standard","meta":{"_lmt_disableupdate":"","_lmt_disable":"","_jetpack_memberships_contains_paid_content":false,"footnotes":""},"categories":[456,109],"tags":[3050],"class_list":["post-61589","post","type-post","status-publish","format-standard","has-post-thumbnail","hentry","category-columna","category-minuto-a-minuto","tag-nestor-yuri-sanchez"],"jetpack_featured_media_url":"https:\/\/zonaroja.com.mx\/wp-content\/uploads\/2022\/05\/Opinion-Nestor-Yuri-Sanchez-Islas.jpg","jetpack_sharing_enabled":true,"_links":{"self":[{"href":"https:\/\/zonaroja.com.mx\/index.php?rest_route=\/wp\/v2\/posts\/61589","targetHints":{"allow":["GET"]}}],"collection":[{"href":"https:\/\/zonaroja.com.mx\/index.php?rest_route=\/wp\/v2\/posts"}],"about":[{"href":"https:\/\/zonaroja.com.mx\/index.php?rest_route=\/wp\/v2\/types\/post"}],"author":[{"embeddable":true,"href":"https:\/\/zonaroja.com.mx\/index.php?rest_route=\/wp\/v2\/users\/2"}],"replies":[{"embeddable":true,"href":"https:\/\/zonaroja.com.mx\/index.php?rest_route=%2Fwp%2Fv2%2Fcomments&post=61589"}],"version-history":[{"count":1,"href":"https:\/\/zonaroja.com.mx\/index.php?rest_route=\/wp\/v2\/posts\/61589\/revisions"}],"predecessor-version":[{"id":61590,"href":"https:\/\/zonaroja.com.mx\/index.php?rest_route=\/wp\/v2\/posts\/61589\/revisions\/61590"}],"wp:featuredmedia":[{"embeddable":true,"href":"https:\/\/zonaroja.com.mx\/index.php?rest_route=\/wp\/v2\/media\/41861"}],"wp:attachment":[{"href":"https:\/\/zonaroja.com.mx\/index.php?rest_route=%2Fwp%2Fv2%2Fmedia&parent=61589"}],"wp:term":[{"taxonomy":"category","embeddable":true,"href":"https:\/\/zonaroja.com.mx\/index.php?rest_route=%2Fwp%2Fv2%2Fcategories&post=61589"},{"taxonomy":"post_tag","embeddable":true,"href":"https:\/\/zonaroja.com.mx\/index.php?rest_route=%2Fwp%2Fv2%2Ftags&post=61589"}],"curies":[{"name":"wp","href":"https:\/\/api.w.org\/{rel}","templated":true}]}}