{"id":61591,"date":"2023-11-01T07:00:56","date_gmt":"2023-11-01T13:00:56","guid":{"rendered":"http:\/\/www.zonaroja.com.mx\/?p=61591"},"modified":"2023-11-01T07:00:58","modified_gmt":"2023-11-01T13:00:58","slug":"indagan-asesinato-de-individuo-en-san-pedro-mixtepec-oaxaca","status":"publish","type":"post","link":"https:\/\/zonaroja.com.mx\/?p=61591","title":{"rendered":"Indagan asesinato de individuo en San Pedro Mixtepec, Oaxaca"},"content":{"rendered":"\n<p>Redacci\u00f3n\/Zona Roja.<\/p>\n\n\n\n<p>Oaxaca de Ju\u00e1rez, Oax., a 1 de noviembre de 2023.- El cuerpo sin vida de una persona del sexo masculino, con impactos de arma de fuego, fue localizado ayer por la tarde en San Pedro Mixtepec, municipio de la regi\u00f3n Costa de Oaxaca.<\/p>\n\n\n\n<p>El hallazgo ocurri\u00f3 en el camino de terracer\u00eda que conduce a la localidad de El Huarumbo; el hombre representa aproximadamente 40 a\u00f1os de edad y hasta esta ma\u00f1ana no ha sido identificado.<\/p>\n\n\n\n<p>Pobladores que pasaron por la zona dieron aviso a las autoridades municipales acerca del cad\u00e1ver, tras lo cual la zona fue acordonada.<\/p>\n\n\n\n<p>Posteriormente arrib\u00f3 personal de la Vicefiscal\u00eda Regional de la Costa, dependiente de la Fiscal\u00eda General del Estado de Oaxaca, para iniciar las indagatorias, a fin de dar con el o los responsables del asesinato.<\/p>\n","protected":false},"excerpt":{"rendered":"<p>Redacci\u00f3n\/Zona Roja. Oaxaca de Ju\u00e1rez, Oax., a 1 de noviembre de 2023.- El cuerpo sin&hellip;<\/p>\n","protected":false},"author":2,"featured_media":61592,"comment_status":"closed","ping_status":"open","sticky":false,"template":"","format":"standard","meta":{"_lmt_disableupdate":"","_lmt_disable":"","_jetpack_memberships_contains_paid_content":false,"footnotes":""},"categories":[109,51],"tags":[890],"class_list":["post-61591","post","type-post","status-publish","format-standard","has-post-thumbnail","hentry","category-minuto-a-minuto","category-zona-roja","tag-san-pedro-mixtepec"],"jetpack_featured_media_url":"https:\/\/zonaroja.com.mx\/wp-content\/uploads\/2023\/11\/Asesinado-San-Pedro-Mixtepec-31octubre.jpg","jetpack_sharing_enabled":true,"_links":{"self":[{"href":"https:\/\/zonaroja.com.mx\/index.php?rest_route=\/wp\/v2\/posts\/61591","targetHints":{"allow":["GET"]}}],"collection":[{"href":"https:\/\/zonaroja.com.mx\/index.php?rest_route=\/wp\/v2\/posts"}],"about":[{"href":"https:\/\/zonaroja.com.mx\/index.php?rest_route=\/wp\/v2\/types\/post"}],"author":[{"embeddable":true,"href":"https:\/\/zonaroja.com.mx\/index.php?rest_route=\/wp\/v2\/users\/2"}],"replies":[{"embeddable":true,"href":"https:\/\/zonaroja.com.mx\/index.php?rest_route=%2Fwp%2Fv2%2Fcomments&post=61591"}],"version-history":[{"count":1,"href":"https:\/\/zonaroja.com.mx\/index.php?rest_route=\/wp\/v2\/posts\/61591\/revisions"}],"predecessor-version":[{"id":61593,"href":"https:\/\/zonaroja.com.mx\/index.php?rest_route=\/wp\/v2\/posts\/61591\/revisions\/61593"}],"wp:featuredmedia":[{"embeddable":true,"href":"https:\/\/zonaroja.com.mx\/index.php?rest_route=\/wp\/v2\/media\/61592"}],"wp:attachment":[{"href":"https:\/\/zonaroja.com.mx\/index.php?rest_route=%2Fwp%2Fv2%2Fmedia&parent=61591"}],"wp:term":[{"taxonomy":"category","embeddable":true,"href":"https:\/\/zonaroja.com.mx\/index.php?rest_route=%2Fwp%2Fv2%2Fcategories&post=61591"},{"taxonomy":"post_tag","embeddable":true,"href":"https:\/\/zonaroja.com.mx\/index.php?rest_route=%2Fwp%2Fv2%2Ftags&post=61591"}],"curies":[{"name":"wp","href":"https:\/\/api.w.org\/{rel}","templated":true}]}}