{"id":61594,"date":"2023-11-01T08:30:00","date_gmt":"2023-11-01T14:30:00","guid":{"rendered":"http:\/\/www.zonaroja.com.mx\/?p=61594"},"modified":"2023-11-01T07:07:56","modified_gmt":"2023-11-01T13:07:56","slug":"juez-frena-de-manera-temporal-la-extincion-de-fideicomisos-del-poder-judicial","status":"publish","type":"post","link":"https:\/\/zonaroja.com.mx\/?p=61594","title":{"rendered":"Juez frena de manera temporal la extinci\u00f3n de fideicomisos del Poder Judicial"},"content":{"rendered":"\n<p>Redacci\u00f3n\/Zona Roja Cdmx.<\/p>\n\n\n\n<p>Ciudad de M\u00e9xico, a 1 de noviembre de 2023.- Un juez federal otorg\u00f3 la suspensi\u00f3n provisional a la reforma aprobada por Morena y aliados mediante la cual extingui\u00f3 los 13 fideicomisos del Poder Judicial de la Federaci\u00f3n (PJF).<\/p>\n\n\n\n<p>Adem\u00e1s, el juez prohibi\u00f3 al Consejo de la Judicatura Federal (CJF) transferir los recursos a la Secretar\u00eda de Hacienda y Cr\u00e9dito P\u00fablico (SHCP) y a la Tesorer\u00eda de la Federaci\u00f3n (Tesofe), las cuales tampoco podr\u00e1n disponer de ese monto.<\/p>\n\n\n\n<p>Fue el Juez D\u00e9cimo Segundo de Distrito en Chihuahua, Fernando Lu\u00e9vano Ovalle, quien concedi\u00f3 la referida suspensi\u00f3n provisional contra el decreto de extinci\u00f3n.<\/p>\n\n\n\n<p>Lo anterior, luego del amparo que present\u00f3 la magistrada del Primer Tribunal Colegiado en Materias Civil y de Trabajo de Chihuahua, Mar\u00eda del Carmen Cordero Mart\u00ednez.<\/p>\n\n\n\n<p>Ante ello, la Secretar\u00eda Ejecutiva de Administraci\u00f3n del CJF, SHCP y Tesofe se deber\u00e1n abstener \u201cde cancelar o extinguir los fideicomisos y se garantice su continuaci\u00f3n, operaci\u00f3n y administraci\u00f3n del objeto por el cual fueron creados tales fideicomisos celebrados por el CJF, en cumplimiento a las reglas de operaci\u00f3n de cada uno de ellos\u201d.<\/p>\n\n\n\n<p>Adem\u00e1s, se deber\u00e1 suspender \u201cde forma inmediata la entrega y\/o transferencia de los recursos de todos aquellos fideicomisos celebrados por el CJF, as\u00ed como sus remanentes, productos y aprovechamientos derivados de los mismos, a cualquier autoridad dependiente del ejecutivo federal o de las propias entidades fiduciarias, salvo de aquellas facultades para la administraci\u00f3n y disposici\u00f3n de los recursos de cada uno de ellos para su operaci\u00f3n\u00bb.<\/p>\n\n\n\n<p>Dicha suspensi\u00f3n provisional tendr\u00e1 como efectos que \u201clos fideicomisos sigan con su operatividad regular en relaci\u00f3n a la finalidad por la cual fueron creados\u00bb.<\/p>\n\n\n\n<p>Tambi\u00e9n las entidades fiduciarias Banco Nacional de Obras y Servicios P\u00fablicos (Banobras) y la Banca de Desarrollo Nacional Financiera (Nafin) deber\u00e1n acatar la suspensi\u00f3n provisional.<\/p>\n\n\n\n<p>Lo anterior, \u201ca efecto de que en el \u00e1mbito de sus atribuciones y facultades se abstengan de entregar y\/o transferir los recursos de todos aquellos fideicomisos celebrados por el CJF, as\u00ed como sus remanentes, productos y aprovechamientos derivados de los mismos, a la Tesofe y\/o cualquier autoridad diversa de las facultades para la administraci\u00f3n y disposici\u00f3n de los recursos de cada uno de ellos para su operaci\u00f3n\u201d.<\/p>\n\n\n\n<p>ACEPTA DI\u00c1LOGO<\/p>\n\n\n\n<p>La ministra Norma Pi\u00f1a pidi\u00f3 al presidente Andr\u00e9s Manuel L\u00f3pez Obrador definir los t\u00e9rminos para concretar su propuesta para donar los 15,000,000 de pesos de los fideicomisos del Poder Judicial de la Federaci\u00f3n (PJF), en apoyo a los damnificados del hurac\u00e1n Otis, en Acapulco, Guerrero.<\/p>\n\n\n\n<p>Durante la conferencia ma\u00f1anera, el Ejecutivo Federal propuso al PJF donar a los damnificados el dinero de sus 13 fideicomisos que el Congreso aprob\u00f3 extinguir.<\/p>\n\n\n\n<p>En una carta que dirigi\u00f3 al mandatario federal, Pi\u00f1a Hern\u00e1ndez coment\u00f3 que la propuesta realizada al Poder Judicial representa una alternativa real que \u201cnos permitir\u00e1 actuar como Estado, en defensa de su poblaci\u00f3n\u201d.<\/p>\n\n\n\n<p>(Informaci\u00f3n de \u201cExpansi\u00f3n Pol\u00edtica\u201d)<\/p>\n","protected":false},"excerpt":{"rendered":"<p>Redacci\u00f3n\/Zona Roja Cdmx. Ciudad de M\u00e9xico, a 1 de noviembre de 2023.- Un juez federal&hellip;<\/p>\n","protected":false},"author":2,"featured_media":61595,"comment_status":"closed","ping_status":"open","sticky":false,"template":"","format":"standard","meta":{"_lmt_disableupdate":"","_lmt_disable":"","_jetpack_memberships_contains_paid_content":false,"footnotes":""},"categories":[109,47],"tags":[3707],"class_list":["post-61594","post","type-post","status-publish","format-standard","has-post-thumbnail","hentry","category-minuto-a-minuto","category-zona-gris","tag-poder-judicial-de-la-federacion"],"jetpack_featured_media_url":"https:\/\/zonaroja.com.mx\/wp-content\/uploads\/2023\/11\/Fideicomisos-Poder-Judicial-federal.jpeg","jetpack_sharing_enabled":true,"_links":{"self":[{"href":"https:\/\/zonaroja.com.mx\/index.php?rest_route=\/wp\/v2\/posts\/61594","targetHints":{"allow":["GET"]}}],"collection":[{"href":"https:\/\/zonaroja.com.mx\/index.php?rest_route=\/wp\/v2\/posts"}],"about":[{"href":"https:\/\/zonaroja.com.mx\/index.php?rest_route=\/wp\/v2\/types\/post"}],"author":[{"embeddable":true,"href":"https:\/\/zonaroja.com.mx\/index.php?rest_route=\/wp\/v2\/users\/2"}],"replies":[{"embeddable":true,"href":"https:\/\/zonaroja.com.mx\/index.php?rest_route=%2Fwp%2Fv2%2Fcomments&post=61594"}],"version-history":[{"count":1,"href":"https:\/\/zonaroja.com.mx\/index.php?rest_route=\/wp\/v2\/posts\/61594\/revisions"}],"predecessor-version":[{"id":61596,"href":"https:\/\/zonaroja.com.mx\/index.php?rest_route=\/wp\/v2\/posts\/61594\/revisions\/61596"}],"wp:featuredmedia":[{"embeddable":true,"href":"https:\/\/zonaroja.com.mx\/index.php?rest_route=\/wp\/v2\/media\/61595"}],"wp:attachment":[{"href":"https:\/\/zonaroja.com.mx\/index.php?rest_route=%2Fwp%2Fv2%2Fmedia&parent=61594"}],"wp:term":[{"taxonomy":"category","embeddable":true,"href":"https:\/\/zonaroja.com.mx\/index.php?rest_route=%2Fwp%2Fv2%2Fcategories&post=61594"},{"taxonomy":"post_tag","embeddable":true,"href":"https:\/\/zonaroja.com.mx\/index.php?rest_route=%2Fwp%2Fv2%2Ftags&post=61594"}],"curies":[{"name":"wp","href":"https:\/\/api.w.org\/{rel}","templated":true}]}}