{"id":61597,"date":"2023-11-01T09:30:00","date_gmt":"2023-11-01T15:30:00","guid":{"rendered":"http:\/\/www.zonaroja.com.mx\/?p=61597"},"modified":"2023-11-01T07:13:53","modified_gmt":"2023-11-01T13:13:53","slug":"violencia-sin-freno-en-mexico-4-asesinados-en-puebla-3-en-guerrero-2-en-edomex","status":"publish","type":"post","link":"https:\/\/zonaroja.com.mx\/?p=61597","title":{"rendered":"Violencia sin freno en M\u00e9xico: 4 asesinados en Puebla; 3 en Guerrero, 2 en Edomex"},"content":{"rendered":"\n<p>Redacci\u00f3n\/Zona Roja Cdmx.<\/p>\n\n\n\n<p>Ciudad de M\u00e9xico, a 1 de noviembre de 2023.- Un enfrentamiento armado ayer dej\u00f3 como saldo cuatro personas sin vida y al menos dos heridos de bala en el mercado \u201cMorelos\u201d de Puebla.&nbsp;<\/p>\n\n\n\n<p>Los primeros informes que presuntamente este evento estar\u00eda relacionado con una disputa por la plaza donde hist\u00f3ricamente, grupos delictivos han intentado apoderarse de las actividades il\u00edcitas&nbsp;del \u00e1rea.<\/p>\n\n\n\n<p>Dos de los involucrados se encontraban en una zona de consumo de bebidas alcoh\u00f3licas, por lo que se especulaba, podr\u00eda tratarse de una ri\u00f1a; no obstante, posteriormente se localiz\u00f3 al resto de v\u00edctimas en un local comercial, de acuerdo con informaci\u00f3n de \u201cMilenio\u201d.<\/p>\n\n\n\n<p>EN JALISCO<\/p>\n\n\n\n<p>Tambi\u00e9n este martes, polic\u00edas de Amatit\u00e1n, Jalisco se enfrentaron a balazos con civiles armados, lo que dej\u00f3 a un hombre sin vida y otro m\u00e1s lesionado sobre la calle Aurelio L\u00f3pez y camino al Polvor\u00edn, en el mencionado municipio.<\/p>\n\n\n\n<p>El hecho comenz\u00f3 cuando los oficiales locales comenzaron la b\u00fasqueda de una camioneta todo terreno en color blanco con placas de Guerrero, la cual hab\u00eda sido robada con violencia a su conductor momentos antes en la gasolinera de carretera a Nogales, pr\u00f3ximo al entronque a la autopista Guadalajara-Tepic.<\/p>\n\n\n\n<p>EN EDOMEX<\/p>\n\n\n\n<p>Los cuerpos de dos personas cubiertos con cobijas fueron localizados la tarde de ayer sin vida en una calle de la colonia El Tejocote, en&nbsp;Naucalpan, Estado de M\u00e9xico.<\/p>\n\n\n\n<p>Al momento, se desconoce la identidad de los cad\u00e1veres y no hay personas detenidas por el hecho, las autoridades de la Fiscal\u00eda General de Justicia del Estado de M\u00e9xico ya investigan el doble homicidio, report\u00f3 \u201cMilenio\u201d.<\/p>\n\n\n\n<p>EN GUERRERO<\/p>\n\n\n\n<p>Tres hombres fueron asesinados en Chilpancingo, Guerrero.El triple homicidio se registr\u00f3 la noche del 30 de octubre en la colonia Juan N. \u00c1lvarez.<\/p>\n\n\n\n<p>Las v\u00edctimas se encontraban al interior de un negocio de venta de micheladas.<\/p>\n\n\n\n<p>Sujetos armados irrumpieron en el bar y dispararon contra las v\u00edctimas.<\/p>\n\n\n\n<p>Uno de los hombres muri\u00f3 sentado mientras que los otros dos debajo de una mesa.<\/p>\n\n\n\n<p>Autoridades contabilizaron al menos 15 casquillos percutidos de calibre 380, seg\u00fan la informaci\u00f3n publicada por L\u00f3pez-D\u00f3riga Digital.<\/p>\n","protected":false},"excerpt":{"rendered":"<p>Redacci\u00f3n\/Zona Roja Cdmx. Ciudad de M\u00e9xico, a 1 de noviembre de 2023.- Un enfrentamiento armado&hellip;<\/p>\n","protected":false},"author":2,"featured_media":54456,"comment_status":"closed","ping_status":"open","sticky":false,"template":"","format":"standard","meta":{"_lmt_disableupdate":"","_lmt_disable":"","_jetpack_memberships_contains_paid_content":false,"footnotes":""},"categories":[109,51],"tags":[1746],"class_list":["post-61597","post","type-post","status-publish","format-standard","has-post-thumbnail","hentry","category-minuto-a-minuto","category-zona-roja","tag-violencia-en-mexico"],"jetpack_featured_media_url":"https:\/\/zonaroja.com.mx\/wp-content\/uploads\/2023\/04\/Escena-crimen-homicidio-violencia-asesinato.webp","jetpack_sharing_enabled":true,"_links":{"self":[{"href":"https:\/\/zonaroja.com.mx\/index.php?rest_route=\/wp\/v2\/posts\/61597","targetHints":{"allow":["GET"]}}],"collection":[{"href":"https:\/\/zonaroja.com.mx\/index.php?rest_route=\/wp\/v2\/posts"}],"about":[{"href":"https:\/\/zonaroja.com.mx\/index.php?rest_route=\/wp\/v2\/types\/post"}],"author":[{"embeddable":true,"href":"https:\/\/zonaroja.com.mx\/index.php?rest_route=\/wp\/v2\/users\/2"}],"replies":[{"embeddable":true,"href":"https:\/\/zonaroja.com.mx\/index.php?rest_route=%2Fwp%2Fv2%2Fcomments&post=61597"}],"version-history":[{"count":1,"href":"https:\/\/zonaroja.com.mx\/index.php?rest_route=\/wp\/v2\/posts\/61597\/revisions"}],"predecessor-version":[{"id":61598,"href":"https:\/\/zonaroja.com.mx\/index.php?rest_route=\/wp\/v2\/posts\/61597\/revisions\/61598"}],"wp:featuredmedia":[{"embeddable":true,"href":"https:\/\/zonaroja.com.mx\/index.php?rest_route=\/wp\/v2\/media\/54456"}],"wp:attachment":[{"href":"https:\/\/zonaroja.com.mx\/index.php?rest_route=%2Fwp%2Fv2%2Fmedia&parent=61597"}],"wp:term":[{"taxonomy":"category","embeddable":true,"href":"https:\/\/zonaroja.com.mx\/index.php?rest_route=%2Fwp%2Fv2%2Fcategories&post=61597"},{"taxonomy":"post_tag","embeddable":true,"href":"https:\/\/zonaroja.com.mx\/index.php?rest_route=%2Fwp%2Fv2%2Ftags&post=61597"}],"curies":[{"name":"wp","href":"https:\/\/api.w.org\/{rel}","templated":true}]}}