{"id":61599,"date":"2023-11-01T07:45:28","date_gmt":"2023-11-01T13:45:28","guid":{"rendered":"http:\/\/www.zonaroja.com.mx\/?p=61599"},"modified":"2023-11-01T07:45:33","modified_gmt":"2023-11-01T13:45:33","slug":"que-no-estaba-detenido-en-italia-el-notario-jorge-merlo","status":"publish","type":"post","link":"https:\/\/zonaroja.com.mx\/?p=61599","title":{"rendered":"\u00bfQu\u00e9 no estaba detenido en Italia el notario Jorge Merlo?"},"content":{"rendered":"\n<p>Ismael Garc\u00eda M.\/Zona Roja.<\/p>\n\n\n\n<p>Oaxaca de Ju\u00e1rez, Oax., a 1 de noviembre de 2023.- El notario p\u00fablico n\u00famero 135, Jorge Alberto Merlo G\u00f3mez, ha difundido fotograf\u00edas y videos en los recientes d\u00edas, en que se evidencia que se encuentra en libertad y de paseo en Italia, lo que contradice la versi\u00f3n del gobierno de Oaxaca de que estaba detenido en la ciudad italiana de Tur\u00edn.<\/p>\n\n\n\n<p>El m\u00e1s reciente video se difundi\u00f3 ayer, en que el fedatario denuncia que su casa en la ciudad de Oaxaca fue allanada presuntamente por los hermanos G\u00f3mez Conzzati, en que lastimaron a su madre.<\/p>\n\n\n\n<p>\u201cLa amenazaron, la quisieron amarrar, exig\u00edan pr\u00e1cticamente mi presencia o que regrese yo a Oaxaca, dijeron que iban de parte de los se\u00f1ores Caleb; la polic\u00eda en estos momentos est\u00e1 ah\u00ed y responsabilizo desde este momento al se\u00f1or Caleb G\u00f3mez Conzzati Mart\u00ednez, as\u00ed como a sus hermanos Herb\u00e9 y Ashmar, de cualquier situaci\u00f3n que le pase a mi familia\u201d.<\/p>\n\n\n\n<p>Llam\u00f3 al titular del Poder Ejecutivo para que garantice la seguridad de su familia y pidi\u00f3 a los medios de comunicaci\u00f3n difundi\u00f3 el video; expuso que su madre ya puso la denuncia correspondiente.<\/p>\n\n\n\n<p>\u201cMe han acusado ya falsamente de varios delitos, los cuales no he cometido, cuando los verdaderos peligrosos son los se\u00f1ores Herb\u00e9, Caleb y Ashmar y a ellos les dijo que no se metan con mi familia\u201d.<\/p>\n\n\n\n<p>No obstante, a mediados de abril pasado, tanto la Fiscal\u00eda General del Estado como el titular de la Consejer\u00eda y Asistencia Legal del Gobierno del Estado, Geovany V\u00e1squez Sagrero, informaron acerca de la detenci\u00f3n de Jorge Merlo.<\/p>\n\n\n\n<p>Ello presuntamente por estar relacionado con el llamado \u201cC\u00e1rtel del despojo\u201d, en que se habr\u00edan confabulado diversas dependencias p\u00fablicas en el sexenio de Alejandro Murat Hinojosa, para hacerse de diversas propiedades privadas, modificando de manera ilegal documentos de propiedad.<\/p>\n\n\n\n<p>\u201cA trav\u00e9s de las gestiones para la cooperaci\u00f3n internacional y de la Fiscal\u00eda General de la Rep\u00fablica (FGR), la Polic\u00eda Internacional emiti\u00f3 la ficha roja el pasado 3 de abril, bajo el n\u00famero de control A-2871\/4-2023, lo que result\u00f3 en la ubicaci\u00f3n del exservidor p\u00fablico que estaba en Europa\u201d, inform\u00f3 en su momento la Fiscal\u00eda en un comunicado.&nbsp;<\/p>\n","protected":false},"excerpt":{"rendered":"<p>Ismael Garc\u00eda M.\/Zona Roja. Oaxaca de Ju\u00e1rez, Oax., a 1 de noviembre de 2023.- El&hellip;<\/p>\n","protected":false},"author":2,"featured_media":54037,"comment_status":"closed","ping_status":"open","sticky":false,"template":"","format":"standard","meta":{"_lmt_disableupdate":"","_lmt_disable":"","_jetpack_memberships_contains_paid_content":false,"footnotes":""},"categories":[109,47],"tags":[],"class_list":["post-61599","post","type-post","status-publish","format-standard","has-post-thumbnail","hentry","category-minuto-a-minuto","category-zona-gris"],"jetpack_featured_media_url":"https:\/\/zonaroja.com.mx\/wp-content\/uploads\/2023\/04\/img_0646.jpg","jetpack_sharing_enabled":true,"_links":{"self":[{"href":"https:\/\/zonaroja.com.mx\/index.php?rest_route=\/wp\/v2\/posts\/61599","targetHints":{"allow":["GET"]}}],"collection":[{"href":"https:\/\/zonaroja.com.mx\/index.php?rest_route=\/wp\/v2\/posts"}],"about":[{"href":"https:\/\/zonaroja.com.mx\/index.php?rest_route=\/wp\/v2\/types\/post"}],"author":[{"embeddable":true,"href":"https:\/\/zonaroja.com.mx\/index.php?rest_route=\/wp\/v2\/users\/2"}],"replies":[{"embeddable":true,"href":"https:\/\/zonaroja.com.mx\/index.php?rest_route=%2Fwp%2Fv2%2Fcomments&post=61599"}],"version-history":[{"count":1,"href":"https:\/\/zonaroja.com.mx\/index.php?rest_route=\/wp\/v2\/posts\/61599\/revisions"}],"predecessor-version":[{"id":61600,"href":"https:\/\/zonaroja.com.mx\/index.php?rest_route=\/wp\/v2\/posts\/61599\/revisions\/61600"}],"wp:featuredmedia":[{"embeddable":true,"href":"https:\/\/zonaroja.com.mx\/index.php?rest_route=\/wp\/v2\/media\/54037"}],"wp:attachment":[{"href":"https:\/\/zonaroja.com.mx\/index.php?rest_route=%2Fwp%2Fv2%2Fmedia&parent=61599"}],"wp:term":[{"taxonomy":"category","embeddable":true,"href":"https:\/\/zonaroja.com.mx\/index.php?rest_route=%2Fwp%2Fv2%2Fcategories&post=61599"},{"taxonomy":"post_tag","embeddable":true,"href":"https:\/\/zonaroja.com.mx\/index.php?rest_route=%2Fwp%2Fv2%2Ftags&post=61599"}],"curies":[{"name":"wp","href":"https:\/\/api.w.org\/{rel}","templated":true}]}}