{"id":6160,"date":"2019-11-28T19:00:29","date_gmt":"2019-11-29T01:00:29","guid":{"rendered":"http:\/\/www.zonaroja.com.mx\/?p=6160"},"modified":"2019-11-28T19:00:31","modified_gmt":"2019-11-29T01:00:31","slug":"desplazados-de-parajes-de-xoxocotlan-sin-justicia-cumplen-10-dias-en-planton","status":"publish","type":"post","link":"https:\/\/zonaroja.com.mx\/?p=6160","title":{"rendered":"Desplazados de parajes de Xoxocotl\u00e1n sin justicia; cumplen 10 d\u00edas en plant\u00f3n"},"content":{"rendered":"\n<p>Redacci\u00f3n\/Zona Roja.<\/p>\n\n\n\n<p>Oaxaca de Ju\u00e1rez, Oax., 28 de noviembre\nde 2019.- Diez d\u00edas han pasado del desalojo violento de decenas de familias que\nhabitaban en los parajes \u201cLoma del Qu\u00edo\u201d, Los Mangales\u201d y \u201cEl Coquito\u201d\npertenecientes al municipio de Santa Cruz Xoxocotl\u00e1n, sin que se hayan aclarado\nlos hechos y sean atendidas las v\u00edctimas.<\/p>\n\n\n\n<p>A un costado del Palacio de Gobierno, sobre\nla calle de Bustamante, vecinos desalojados que mantienen un \u201cplant\u00f3n\u201d en el\nlugar, realizaron ayer la levantada de cruz, por los nueve d\u00edas del\nfallecimiento de Juan Carrillo, v\u00edctima mortal de la violencia suscitada el pasado\n19 de noviembre.<\/p>\n\n\n\n<p>De acuerdo con las personas afectas, no\nexiste hasta el momento un acercamiento de parte de las autoridades para dar\nsoluci\u00f3n a la problem\u00e1tica, raz\u00f3n por la que continuar\u00e1n instaladas a las\nafueras del edificio p\u00fablico debido a que sus viviendas fueron quemadas y\nperdieron sus pertenencias.<\/p>\n\n\n\n<p>Recordaron que fueron civiles armados quienes, al estilo de la delincuencia organizada, los sacaron por la fuerza de sus viviendas e iniciaron una balacera en la zona, dejando una persona muerta, tres m\u00e1s heridas, 100 viviendas quemadas, 14 mototaxis, 10 motocicletas y una camioneta destruidas a las que tambi\u00e9n les prendieron fuego; adem\u00e1s de animales muertos y robo de pertenencias en el saqueo que hicieron de las casas.<\/p>\n\n\n\n<figure class=\"wp-block-embed-twitter wp-block-embed is-type-rich is-provider-twitter\"><div class=\"wp-block-embed__wrapper\">\n<div class=\"twitter-tweet\"><blockquote class=\"twitter-tweet\" data-lang=\"es\"><p lang=\"es\" dir=\"ltr\"><a href=\"https:\/\/twitter.com\/hashtag\/OaxacaGris?src=hash&amp;ref_src=twsrc%5Etfw\">#OaxacaGris<\/a><br>A nueve d\u00edas de los hechos violentos, pobladores desplazados de tres parajes de Santa Cruz <a href=\"https:\/\/twitter.com\/hashtag\/Xoxocotl%C3%A1n?src=hash&amp;ref_src=twsrc%5Etfw\">#Xoxocotl\u00e1n<\/a>, elaboran una cruz en memoria de don Juanito, asesinado el martes 19 de este mes. No hay justicia, dicen. <a href=\"https:\/\/t.co\/tGvHyjJhsN\">pic.twitter.com\/tGvHyjJhsN<\/a><\/p>&mdash; Zona Roja Oaxaca (@MexRoja) <a href=\"https:\/\/twitter.com\/MexRoja\/status\/1199747829423583233?ref_src=twsrc%5Etfw\">27 de noviembre de 2019<\/a><\/blockquote><\/div>\n<\/div><\/figure>\n\n\n\n<p>Insistieron en que no son invasores ni \u201cparacaidistas\u201d\ny por el contrario cuentan con los documentos que los avalan como propietarios\nde los predios de los que fueron desalojados por la fuerza y a punta de\npistola, raz\u00f3n por la que insisten en su exigencia de justicia hacia las\nautoridades estatales encabezadas por el gobernador Alejandro Murat.<\/p>\n\n\n\n<p>\u201cQueremos justicia, recuperar nuestros\nbienes y propiedades de las que fuimos despojados, queremos seguridad para\nnuestras familias y vigilancia en la zona\u201d, explicaron.<\/p>\n\n\n\n<p>Por su parte la Defensor\u00eda de los\nDerechos Humanos del Pueblo de Oaxaca refrend\u00f3 las medidas cautelares otorgadas\na las y los pobladores e inici\u00f3 el expediente DDHPO\/2351\/(01)\/OAX\/2019 para el\ncual solicit\u00f3 informaci\u00f3n a la autoridad municipal, Secretar\u00eda de Seguridad\nP\u00fablica (SSP) y&nbsp; a la Secretar\u00eda General\nde Gobierno (Segego) respecto a su actuaci\u00f3n en este conflicto.<\/p>\n\n\n\n<p>De la misma forma, pidi\u00f3 la colaboraci\u00f3n\nde autoridades federales de la Procuradur\u00eda Agraria y al Instituto Nacional de\nAntropolog\u00eda e Historia (INAH), al ser se\u00f1alados por las familias de haber\nmotivado los hechos.<\/p>\n\n\n\n<p>Mientras que la Fiscal\u00eda General de\nJusticia de Oaxaca se limit\u00f3 a informar que se trat\u00f3 de un enfrentamiento,\nsituaci\u00f3n que fue desmentida por los pobladores que negaron haber respondido a\ntiros, al desalojo violento del que fueron v\u00edctimas.<\/p>\n","protected":false},"excerpt":{"rendered":"<p>Redacci\u00f3n\/Zona Roja. Oaxaca de Ju\u00e1rez, Oax., 28 de noviembre de 2019.- Diez d\u00edas han pasado&hellip;<\/p>\n","protected":false},"author":2,"featured_media":6161,"comment_status":"closed","ping_status":"open","sticky":false,"template":"","format":"standard","meta":{"_lmt_disableupdate":"","_lmt_disable":"","_jetpack_memberships_contains_paid_content":false,"footnotes":""},"categories":[109,47],"tags":[133],"class_list":["post-6160","post","type-post","status-publish","format-standard","has-post-thumbnail","hentry","category-minuto-a-minuto","category-zona-gris","tag-santa-cruz-xoxocotlan"],"jetpack_featured_media_url":"https:\/\/zonaroja.com.mx\/wp-content\/uploads\/2019\/11\/Plant\u00f3n-Xoxocotl\u00e1n.jpg","jetpack_sharing_enabled":true,"_links":{"self":[{"href":"https:\/\/zonaroja.com.mx\/index.php?rest_route=\/wp\/v2\/posts\/6160","targetHints":{"allow":["GET"]}}],"collection":[{"href":"https:\/\/zonaroja.com.mx\/index.php?rest_route=\/wp\/v2\/posts"}],"about":[{"href":"https:\/\/zonaroja.com.mx\/index.php?rest_route=\/wp\/v2\/types\/post"}],"author":[{"embeddable":true,"href":"https:\/\/zonaroja.com.mx\/index.php?rest_route=\/wp\/v2\/users\/2"}],"replies":[{"embeddable":true,"href":"https:\/\/zonaroja.com.mx\/index.php?rest_route=%2Fwp%2Fv2%2Fcomments&post=6160"}],"version-history":[{"count":1,"href":"https:\/\/zonaroja.com.mx\/index.php?rest_route=\/wp\/v2\/posts\/6160\/revisions"}],"predecessor-version":[{"id":6162,"href":"https:\/\/zonaroja.com.mx\/index.php?rest_route=\/wp\/v2\/posts\/6160\/revisions\/6162"}],"wp:featuredmedia":[{"embeddable":true,"href":"https:\/\/zonaroja.com.mx\/index.php?rest_route=\/wp\/v2\/media\/6161"}],"wp:attachment":[{"href":"https:\/\/zonaroja.com.mx\/index.php?rest_route=%2Fwp%2Fv2%2Fmedia&parent=6160"}],"wp:term":[{"taxonomy":"category","embeddable":true,"href":"https:\/\/zonaroja.com.mx\/index.php?rest_route=%2Fwp%2Fv2%2Fcategories&post=6160"},{"taxonomy":"post_tag","embeddable":true,"href":"https:\/\/zonaroja.com.mx\/index.php?rest_route=%2Fwp%2Fv2%2Ftags&post=6160"}],"curies":[{"name":"wp","href":"https:\/\/api.w.org\/{rel}","templated":true}]}}