{"id":61605,"date":"2023-11-01T08:27:03","date_gmt":"2023-11-01T14:27:03","guid":{"rendered":"http:\/\/www.zonaroja.com.mx\/?p=61605"},"modified":"2023-11-01T08:27:07","modified_gmt":"2023-11-01T14:27:07","slug":"equipan-a-policias-en-santa-lucia-del-camino-aseguran-que-es-el-municipio-mas-seguro","status":"publish","type":"post","link":"https:\/\/zonaroja.com.mx\/?p=61605","title":{"rendered":"Equipan a polic\u00edas en Santa Luc\u00eda del Camino; aseguran que es el municipio m\u00e1s seguro"},"content":{"rendered":"\n<p>Ismael Garc\u00eda M.\/Zona Roja.<\/p>\n\n\n\n<p>Oaxaca de Ju\u00e1rez, Oax., a 1 de noviembre de 2023.- El ayuntamiento de Santa Luc\u00eda del Camino entreg\u00f3 otra dotaci\u00f3n de equipos para los elementos de la polic\u00eda vial y municipal.<\/p>\n\n\n\n<p>Se trata de chamarras, a fin brindarles mayor protecci\u00f3n ante la temporada\u00a0invernal y para que realicen su labor de manera m\u00e1s eficiente.<\/p>\n\n\n\n<p>\u201cEs uno de los ejes principales de este gobierno el tema de la seguridad; ha sido una de las banderas que hemos tomado como una prioridad, no es por una ocurrencia o un capricho\u201d, dijo el edil Juan Carlos Garc\u00eda M\u00e1rquez.<\/p>\n\n\n\n<p>Durante el acto efectuado en la explanada de ese municipio conurbado a la capital, expuso que esa fue una demanda sentida que recogi\u00f3 en campa\u00f1a pol\u00edtica, cuando buscaba la presidencia municipal.<\/p>\n\n\n\n<p>Luego llam\u00f3 a los uniformados a seguir efectuando su labor con responsabilidad y con honestidad, pues \u201cel prestigio y la reputaci\u00f3n y la honorabilidad y nuestra reputaci\u00f3n no vale ni 200 ni 300 ni 500 pesos; el prestigio y la reputaci\u00f3n es lo \u00fanico que tiene una persona\u201d, remarc\u00f3.<\/p>\n\n\n\n<p>Acompa\u00f1ado de los integrantes del Cabildo y mandos policiales, reforz\u00f3:<\/p>\n\n\n\n<p>\u201cPuedo decirles que somos el municipio m\u00e1s seguro de los Valles Centrales; no lo digo yo, son datos del Secretariado Ejecutivo nacional; en palabras propias del Fiscal General de Oaxaca, del secretario de Seguridad P\u00fablica, somos el municipio con menor incidencia delictiva, en homicidios llevamos un honroso cero y eso no es cualquier cosa, no es casualidad, no es gratis, es gracias al trabajo que todos ustedes realizan\u201d.<\/p>\n\n\n\n<p>Garc\u00eda M\u00e1rquez habl\u00f3 de las m\u00faltiples acciones que ha emprendido en materia de seguridad, para garantizar la tranquilidad de la poblaci\u00f3n y de los visitantes.<\/p>\n\n\n\n<p>Entre ellas el constante equipamiento a las corporaciones policiacas; la instalaci\u00f3n de m\u00f3dulos m\u00f3viles de seguridad; la colocaci\u00f3n de tres arcos de seguridad, entre otros.<\/p>\n\n\n\n<p>\u201cVamos a continuar viendo cursos de capacitaci\u00f3n, vamos a seguir buscando mejoras salariales el pr\u00f3ximo a\u00f1o\u201d, indic\u00f3 el presidente municipal, de filiaci\u00f3n Morena.<\/p>\n","protected":false},"excerpt":{"rendered":"<p>Ismael Garc\u00eda M.\/Zona Roja. Oaxaca de Ju\u00e1rez, Oax., a 1 de noviembre de 2023.- El&hellip;<\/p>\n","protected":false},"author":2,"featured_media":61606,"comment_status":"closed","ping_status":"open","sticky":false,"template":"","format":"standard","meta":{"_lmt_disableupdate":"","_lmt_disable":"","_jetpack_memberships_contains_paid_content":false,"footnotes":""},"categories":[109,46],"tags":[337],"class_list":["post-61605","post","type-post","status-publish","format-standard","has-post-thumbnail","hentry","category-minuto-a-minuto","category-zona-blanca","tag-santa-lucia-del-camino"],"jetpack_featured_media_url":"https:\/\/zonaroja.com.mx\/wp-content\/uploads\/2023\/11\/Uniformes-policia-municipal-de-Santa-Lucia-del-Camino.jpg","jetpack_sharing_enabled":true,"_links":{"self":[{"href":"https:\/\/zonaroja.com.mx\/index.php?rest_route=\/wp\/v2\/posts\/61605","targetHints":{"allow":["GET"]}}],"collection":[{"href":"https:\/\/zonaroja.com.mx\/index.php?rest_route=\/wp\/v2\/posts"}],"about":[{"href":"https:\/\/zonaroja.com.mx\/index.php?rest_route=\/wp\/v2\/types\/post"}],"author":[{"embeddable":true,"href":"https:\/\/zonaroja.com.mx\/index.php?rest_route=\/wp\/v2\/users\/2"}],"replies":[{"embeddable":true,"href":"https:\/\/zonaroja.com.mx\/index.php?rest_route=%2Fwp%2Fv2%2Fcomments&post=61605"}],"version-history":[{"count":1,"href":"https:\/\/zonaroja.com.mx\/index.php?rest_route=\/wp\/v2\/posts\/61605\/revisions"}],"predecessor-version":[{"id":61607,"href":"https:\/\/zonaroja.com.mx\/index.php?rest_route=\/wp\/v2\/posts\/61605\/revisions\/61607"}],"wp:featuredmedia":[{"embeddable":true,"href":"https:\/\/zonaroja.com.mx\/index.php?rest_route=\/wp\/v2\/media\/61606"}],"wp:attachment":[{"href":"https:\/\/zonaroja.com.mx\/index.php?rest_route=%2Fwp%2Fv2%2Fmedia&parent=61605"}],"wp:term":[{"taxonomy":"category","embeddable":true,"href":"https:\/\/zonaroja.com.mx\/index.php?rest_route=%2Fwp%2Fv2%2Fcategories&post=61605"},{"taxonomy":"post_tag","embeddable":true,"href":"https:\/\/zonaroja.com.mx\/index.php?rest_route=%2Fwp%2Fv2%2Ftags&post=61605"}],"curies":[{"name":"wp","href":"https:\/\/api.w.org\/{rel}","templated":true}]}}