{"id":61609,"date":"2023-11-01T12:05:29","date_gmt":"2023-11-01T18:05:29","guid":{"rendered":"http:\/\/www.zonaroja.com.mx\/?p=61609"},"modified":"2023-11-01T12:05:30","modified_gmt":"2023-11-01T18:05:30","slug":"caso-jorge-merlo-pide-fiscalia-de-oaxaca-informacion-a-fgr-e-interpol","status":"publish","type":"post","link":"https:\/\/zonaroja.com.mx\/?p=61609","title":{"rendered":"Caso Jorge Merlo: pide Fiscal\u00eda de Oaxaca informaci\u00f3n a FGR e Interpol"},"content":{"rendered":"\n<p>Redacci\u00f3n\/Zona Roja.<\/p>\n\n\n\n<p>Oaxaca de Ju\u00e1rez, Oax., a 1 de noviembre de 2023.-&nbsp;La Fiscal\u00eda General del Estado de Oaxaca (FGEO) solicit\u00f3 informaci\u00f3n a la Fiscal\u00eda General de la Rep\u00fablica (FGR) y a la Organizaci\u00f3n Internacional de Polic\u00eda Criminal (Interpol), respecto a la situaci\u00f3n jur\u00eddica de quien fuera Notario P\u00fablico, J.A.M.G y\/o J.A.G.M, detenido en Tur\u00edn, Italia, el pasado 9 de abril de 2023.<\/p>\n\n\n\n<p>Lo anterior, luego de la publicaci\u00f3n en redes sociales de un par de videos en los que el imputado por los delitos de falsificaci\u00f3n de documentos, ejercicio il\u00edcito del servicio p\u00fablico y violaci\u00f3n de otras garant\u00edas, aparentemente se encuentra en libertad.<\/p>\n\n\n\n<p>Cabe mencionar que la Fiscal\u00eda de Oaxaca ha hecho frente a diversos amparos interpuestos por la familia de J.A.M.G y\/o J.A.G.M., contra la detenci\u00f3n y extradici\u00f3n de dicha persona.&nbsp;<\/p>\n\n\n\n<p>Adem\u00e1s, que en materia de litigio internacional, los imputados de delitos cometidos en otros pa\u00edses, se acogen tambi\u00e9n al derecho interno de la propia naci\u00f3n en la que son localizados y arraigados, mientras que en materia de extradici\u00f3n se deben tomar en cuenta los Tratados Internacionales suscritos por cada Estado.<\/p>\n\n\n\n<p>Y es que el 9 de marzo de 2023, la Fiscal\u00eda de Oaxaca obtuvo la orden de aprehensi\u00f3n librada por el Juez de Control bajo la causa penal 258\/2023, contra el Notario P\u00fablico -actualmente suspendido-.<\/p>\n\n\n\n<p>Luego de efectuar la investigaci\u00f3n correspondiente, se obtuvo informaci\u00f3n que el imputado se encontraba fuera del pa\u00eds, ante lo cual, la FGEO solicit\u00f3, a trav\u00e9s de la FGR, se emitiera una ficha roja para que fuera buscado y localizado con apoyo de la Polic\u00eda Internacional.<\/p>\n\n\n\n<p>Con fecha 3 de abril de 2023 fue publicada la notificaci\u00f3n roja por la Interpol A-2871\/4-2023 y,&nbsp;el 11 de abril, a trav\u00e9s del sistema de comunicaci\u00f3n oficial de la Polic\u00eda Internacional fue informado el arresto de J.A.M.G y\/o J.A.G.M en Tur\u00edn, Italia,&nbsp;el 9 de abril&nbsp;-dos d\u00edas antes del aviso oficial-.&nbsp;<\/p>\n\n\n\n<p>Por lo cual, de manera inmediata, la FGEO estableci\u00f3 comunicaci\u00f3n con la Direcci\u00f3n General de Procedimientos Internacionales de la FGR para que se iniciara el proceso de extradici\u00f3n a M\u00e9xico, dando seguimiento puntual a los requerimientos y tr\u00e1mites necesarios.<\/p>\n\n\n\n<p>La FGEO refrenda tambi\u00e9n el compromiso de realizar todas las acciones necesarias para que las investigaciones y acciones que realiza est\u00e9n sustentadas en evidencia cient\u00edfica, lo que permite que las personas que han sido se\u00f1aladas de la comisi\u00f3n de un delito, sean sancionadas de acuerdo a las Leyes Vigentes en nuestro pa\u00eds.<\/p>\n\n\n\n<p>(Comunicado)<\/p>\n","protected":false},"excerpt":{"rendered":"<p>Redacci\u00f3n\/Zona Roja. Oaxaca de Ju\u00e1rez, Oax., a 1 de noviembre de 2023.-&nbsp;La Fiscal\u00eda General del&hellip;<\/p>\n","protected":false},"author":2,"featured_media":61608,"comment_status":"closed","ping_status":"open","sticky":false,"template":"","format":"standard","meta":{"_lmt_disableupdate":"","_lmt_disable":"","_jetpack_memberships_contains_paid_content":false,"footnotes":""},"categories":[109,46],"tags":[],"class_list":["post-61609","post","type-post","status-publish","format-standard","has-post-thumbnail","hentry","category-minuto-a-minuto","category-zona-blanca"],"jetpack_featured_media_url":"https:\/\/zonaroja.com.mx\/wp-content\/uploads\/2023\/11\/0599e8ee-0716-4859-ae9e-a39de6a6d81a-1.jpg","jetpack_sharing_enabled":true,"_links":{"self":[{"href":"https:\/\/zonaroja.com.mx\/index.php?rest_route=\/wp\/v2\/posts\/61609","targetHints":{"allow":["GET"]}}],"collection":[{"href":"https:\/\/zonaroja.com.mx\/index.php?rest_route=\/wp\/v2\/posts"}],"about":[{"href":"https:\/\/zonaroja.com.mx\/index.php?rest_route=\/wp\/v2\/types\/post"}],"author":[{"embeddable":true,"href":"https:\/\/zonaroja.com.mx\/index.php?rest_route=\/wp\/v2\/users\/2"}],"replies":[{"embeddable":true,"href":"https:\/\/zonaroja.com.mx\/index.php?rest_route=%2Fwp%2Fv2%2Fcomments&post=61609"}],"version-history":[{"count":1,"href":"https:\/\/zonaroja.com.mx\/index.php?rest_route=\/wp\/v2\/posts\/61609\/revisions"}],"predecessor-version":[{"id":61610,"href":"https:\/\/zonaroja.com.mx\/index.php?rest_route=\/wp\/v2\/posts\/61609\/revisions\/61610"}],"wp:featuredmedia":[{"embeddable":true,"href":"https:\/\/zonaroja.com.mx\/index.php?rest_route=\/wp\/v2\/media\/61608"}],"wp:attachment":[{"href":"https:\/\/zonaroja.com.mx\/index.php?rest_route=%2Fwp%2Fv2%2Fmedia&parent=61609"}],"wp:term":[{"taxonomy":"category","embeddable":true,"href":"https:\/\/zonaroja.com.mx\/index.php?rest_route=%2Fwp%2Fv2%2Fcategories&post=61609"},{"taxonomy":"post_tag","embeddable":true,"href":"https:\/\/zonaroja.com.mx\/index.php?rest_route=%2Fwp%2Fv2%2Ftags&post=61609"}],"curies":[{"name":"wp","href":"https:\/\/api.w.org\/{rel}","templated":true}]}}