{"id":61614,"date":"2023-11-01T17:24:46","date_gmt":"2023-11-01T23:24:46","guid":{"rendered":"http:\/\/www.zonaroja.com.mx\/?p=61614"},"modified":"2023-11-01T17:24:47","modified_gmt":"2023-11-01T23:24:47","slug":"asciende-a-dos-el-numero-de-personas-fallecidas-por-accidente-de-autobus-en-la-mixteca","status":"publish","type":"post","link":"https:\/\/zonaroja.com.mx\/?p=61614","title":{"rendered":"Asciende a dos el n\u00famero de personas fallecidas por accidente de autob\u00fas en la Mixteca"},"content":{"rendered":"\n<p>Redacci\u00f3n\/Zona Roja.<\/p>\n\n\n\n<p>Oaxaca de Ju\u00e1rez, Oax. 1 de noviembre de 2023.- Dos personas fallecidas y 14 lesionadas que siguen hospitalizadas, es el saldo del accidente de un autob\u00fas de pasajeros, ocurrido la madrugada de hoy en la regi\u00f3n Mixteca de Oaxaca, confirm\u00f3 el Gobierno del Estado.<\/p>\n\n\n\n<p>La unidad de motor de la l\u00ednea \u201cSur\u201d volc\u00f3 a la altura del kil\u00f3metro 126, en inmediaciones del paraje \u201cEl Chorrito\u201d, de la carretera federal 125, tramo Tlaxiaco-Putla.<\/p>\n\n\n\n<p>La autoridad estatal detall\u00f3 en un comunicado que la Coordinaci\u00f3n Estatal de Protecci\u00f3n Civil y Gesti\u00f3n de Riesgos activ\u00f3 el protocolo de seguridad para brindar auxilio y apoyar a los cuerpos de rescate.<\/p>\n\n\n\n<p>Asimismo, a trav\u00e9s de los Servicios de Salud de Oaxaca (SSO), las personas lesionadas fueron trasladadas al Hospital General de Putla Villa de Guerrero para su valoraci\u00f3n m\u00e9dica especializada. En esta atenci\u00f3n se pidi\u00f3 apoyo al personal de los centros de salud cercanos.<\/p>\n\n\n\n<p>Expuso que hasta el momento se tiene el reporte de una persona que falleci\u00f3 durante el percance y otra m\u00e1s en el Hospital General de Putla; as\u00ed como nueve personas hospitalizadas en este nosocomio y cinco m\u00e1s que fueron hospitalizadas en la cl\u00ednica San Jos\u00e9 de esta localidad.<\/p>\n\n\n\n<p>Las personas fallecidas responden al nombre de Plutarco Pel\u00e1ez Reyes, de 79 a\u00f1os de edad, y Rosario Tlapalama Cruz, de 76 a\u00f1os.&nbsp;<\/p>\n\n\n\n<p>El resto de las personas tambi\u00e9n fueron valoradas en el Hospital General de Putla Villa de Guerrero y algunas ya fueron dadas de alta. &nbsp;<\/p>\n","protected":false},"excerpt":{"rendered":"<p>Redacci\u00f3n\/Zona Roja. Oaxaca de Ju\u00e1rez, Oax. 1 de noviembre de 2023.- Dos personas fallecidas y&hellip;<\/p>\n","protected":false},"author":2,"featured_media":61615,"comment_status":"closed","ping_status":"open","sticky":false,"template":"","format":"standard","meta":{"_lmt_disableupdate":"","_lmt_disable":"","_jetpack_memberships_contains_paid_content":false,"footnotes":""},"categories":[109,47],"tags":[3416],"class_list":["post-61614","post","type-post","status-publish","format-standard","has-post-thumbnail","hentry","category-minuto-a-minuto","category-zona-gris","tag-accidentes-carreteros-oaxaca"],"jetpack_featured_media_url":"https:\/\/zonaroja.com.mx\/wp-content\/uploads\/2023\/11\/Accidente-carretera-Mixteca-31-octubre.jpg","jetpack_sharing_enabled":true,"_links":{"self":[{"href":"https:\/\/zonaroja.com.mx\/index.php?rest_route=\/wp\/v2\/posts\/61614","targetHints":{"allow":["GET"]}}],"collection":[{"href":"https:\/\/zonaroja.com.mx\/index.php?rest_route=\/wp\/v2\/posts"}],"about":[{"href":"https:\/\/zonaroja.com.mx\/index.php?rest_route=\/wp\/v2\/types\/post"}],"author":[{"embeddable":true,"href":"https:\/\/zonaroja.com.mx\/index.php?rest_route=\/wp\/v2\/users\/2"}],"replies":[{"embeddable":true,"href":"https:\/\/zonaroja.com.mx\/index.php?rest_route=%2Fwp%2Fv2%2Fcomments&post=61614"}],"version-history":[{"count":1,"href":"https:\/\/zonaroja.com.mx\/index.php?rest_route=\/wp\/v2\/posts\/61614\/revisions"}],"predecessor-version":[{"id":61616,"href":"https:\/\/zonaroja.com.mx\/index.php?rest_route=\/wp\/v2\/posts\/61614\/revisions\/61616"}],"wp:featuredmedia":[{"embeddable":true,"href":"https:\/\/zonaroja.com.mx\/index.php?rest_route=\/wp\/v2\/media\/61615"}],"wp:attachment":[{"href":"https:\/\/zonaroja.com.mx\/index.php?rest_route=%2Fwp%2Fv2%2Fmedia&parent=61614"}],"wp:term":[{"taxonomy":"category","embeddable":true,"href":"https:\/\/zonaroja.com.mx\/index.php?rest_route=%2Fwp%2Fv2%2Fcategories&post=61614"},{"taxonomy":"post_tag","embeddable":true,"href":"https:\/\/zonaroja.com.mx\/index.php?rest_route=%2Fwp%2Fv2%2Ftags&post=61614"}],"curies":[{"name":"wp","href":"https:\/\/api.w.org\/{rel}","templated":true}]}}