{"id":61623,"date":"2023-11-02T07:24:00","date_gmt":"2023-11-02T13:24:00","guid":{"rendered":"http:\/\/www.zonaroja.com.mx\/?p=61623"},"modified":"2023-11-02T06:27:42","modified_gmt":"2023-11-02T12:27:42","slug":"le-dan-250-anos-de-prision-a-5-secuestradores-en-oaxaca","status":"publish","type":"post","link":"https:\/\/zonaroja.com.mx\/?p=61623","title":{"rendered":"\u00a1Le dan 250 a\u00f1os de prisi\u00f3n a 5 secuestradores en Oaxaca!"},"content":{"rendered":"\n<p>Redacci\u00f3n\/Zona Roja.&nbsp;<\/p>\n\n\n\n<p>Oaxaca de Ju\u00e1rez, Oax., a 2 de noviembre de 2023.- El trabajo ministerial especializado en delitos de alto impacto que realiza la Fiscal\u00eda General del Estado de Oaxaca (FGEO) hizo posible obtener una sentencia condenatoria que suma 250 a\u00f1os de prisi\u00f3n en conjunto, contra cinco personas (dos de ellas mujeres), responsables por la comisi\u00f3n del delito de Secuestro Agravado, ocurrido en San Mart\u00edn Mexicapan, en el municipio de Oaxaca de Ju\u00e1rez.&nbsp;<\/p>\n\n\n\n<p>Los hechos ocurrieron el 9 de abril de 2017, cuando un grupo de personas irrumpi\u00f3 en el domicilio de la v\u00edctima, localizado en la colonia Valerio Trujano de la agencia municipal de San Mart\u00edn, en la capital, donde sometieron y privaron de la libertad a un hombre.<\/p>\n\n\n\n<p>La familia de la v\u00edctima recibi\u00f3 llamadas telef\u00f3nicas en la que exig\u00edan una fuerte suma de dinero como rescate a cambio de liberar con vida al hombre privado ilegalmente de la libertad, por lo que realizaron su denuncia ante la FGEO, la cual inici\u00f3 los trabajos de investigaci\u00f3n a cargo de la Fiscal\u00eda Especializada para la Atenci\u00f3n a Delitos de Alto Impacto, a trav\u00e9s de la Unidad Especializada en Combate al Secuestro (UECS).&nbsp;<\/p>\n\n\n\n<p>Despu\u00e9s de obtener datos sobre el paradero y la casa de seguridad donde manten\u00edan secuestrada a la v\u00edctima, se dise\u00f1\u00f3 la estrategia para desplegar un operativo encabezado por elementos de la Agencia Estatal de Investigaciones (AEI), gracias al que se logr\u00f3 el rescate y se detuvo a las personas responsables.&nbsp;<\/p>\n\n\n\n<p>Tras evaluar los datos de prueba aportados por la Fiscal\u00eda, derivado de la audiencia de individualizaci\u00f3n de la pena, el Juez que atiende la causa dict\u00f3 sentencia condenatoria de 50 a\u00f1os de prisi\u00f3n en contra de cada uno de los cinco responsables identificados como: V\u00edctor Manuel G. O., Jos\u00e9 Alberto G. O., Antonio Severiano H. S., Melani Iridian S. A. y Andrea Abigail P. G., responsables de la comisi\u00f3n del delito de Secuestro Agravado, adem\u00e1s que impuso el pago de&nbsp; m\u00e1s de 350 mil pesos as\u00ed como la reparaci\u00f3n del da\u00f1o.<\/p>\n\n\n\n<p>Los trabajos de combate al secuestro que realiza la Fiscal\u00eda de Oaxaca se efect\u00faan de manera estricta los protocolos de actuaci\u00f3n en la materia para dar certeza a las v\u00edctimas directas e indirectas, para que tengan pleno acceso a la justicia.<\/p>\n","protected":false},"excerpt":{"rendered":"<p>Redacci\u00f3n\/Zona Roja.&nbsp; Oaxaca de Ju\u00e1rez, Oax., a 2 de noviembre de 2023.- El trabajo ministerial&hellip;<\/p>\n","protected":false},"author":2,"featured_media":17457,"comment_status":"closed","ping_status":"open","sticky":false,"template":"","format":"standard","meta":{"_lmt_disableupdate":"","_lmt_disable":"","_jetpack_memberships_contains_paid_content":false,"footnotes":""},"categories":[109,46],"tags":[494],"class_list":["post-61623","post","type-post","status-publish","format-standard","has-post-thumbnail","hentry","category-minuto-a-minuto","category-zona-blanca","tag-fiscalia-general-del-estado-de-oaxaca"],"jetpack_featured_media_url":"https:\/\/zonaroja.com.mx\/wp-content\/uploads\/2020\/09\/Foto-Jueza.jpeg","jetpack_sharing_enabled":true,"_links":{"self":[{"href":"https:\/\/zonaroja.com.mx\/index.php?rest_route=\/wp\/v2\/posts\/61623","targetHints":{"allow":["GET"]}}],"collection":[{"href":"https:\/\/zonaroja.com.mx\/index.php?rest_route=\/wp\/v2\/posts"}],"about":[{"href":"https:\/\/zonaroja.com.mx\/index.php?rest_route=\/wp\/v2\/types\/post"}],"author":[{"embeddable":true,"href":"https:\/\/zonaroja.com.mx\/index.php?rest_route=\/wp\/v2\/users\/2"}],"replies":[{"embeddable":true,"href":"https:\/\/zonaroja.com.mx\/index.php?rest_route=%2Fwp%2Fv2%2Fcomments&post=61623"}],"version-history":[{"count":1,"href":"https:\/\/zonaroja.com.mx\/index.php?rest_route=\/wp\/v2\/posts\/61623\/revisions"}],"predecessor-version":[{"id":61624,"href":"https:\/\/zonaroja.com.mx\/index.php?rest_route=\/wp\/v2\/posts\/61623\/revisions\/61624"}],"wp:featuredmedia":[{"embeddable":true,"href":"https:\/\/zonaroja.com.mx\/index.php?rest_route=\/wp\/v2\/media\/17457"}],"wp:attachment":[{"href":"https:\/\/zonaroja.com.mx\/index.php?rest_route=%2Fwp%2Fv2%2Fmedia&parent=61623"}],"wp:term":[{"taxonomy":"category","embeddable":true,"href":"https:\/\/zonaroja.com.mx\/index.php?rest_route=%2Fwp%2Fv2%2Fcategories&post=61623"},{"taxonomy":"post_tag","embeddable":true,"href":"https:\/\/zonaroja.com.mx\/index.php?rest_route=%2Fwp%2Fv2%2Ftags&post=61623"}],"curies":[{"name":"wp","href":"https:\/\/api.w.org\/{rel}","templated":true}]}}