{"id":61625,"date":"2023-11-02T08:28:00","date_gmt":"2023-11-02T14:28:00","guid":{"rendered":"http:\/\/www.zonaroja.com.mx\/?p=61625"},"modified":"2023-11-02T06:51:54","modified_gmt":"2023-11-02T12:51:54","slug":"matan-a-balazos-a-individuo-en-ixtayutla-y-lesionan-a-una-menor","status":"publish","type":"post","link":"https:\/\/zonaroja.com.mx\/?p=61625","title":{"rendered":"Matan a balazos a individuo en Ixtayutla y lesionan a una menor"},"content":{"rendered":"\n<p>Redacci\u00f3n\/Zona Roja.<\/p>\n\n\n\n<p>Oaxaca de Ju\u00e1rez, Oax., a 2 de noviembre de 2023.- Una persona del sexo masculino fue asesinada a balazos en Santiago Ixtayutla, municipio del distrito de Jamiltepec, Oaxaca.<\/p>\n\n\n\n<p>El crimen se perpetr\u00f3 ayer por la tarde en un camino de terracer\u00eda, donde adem\u00e1s una menor de 15 a\u00f1os de edad result\u00f3 lesionada. La v\u00edctima fatal fue identificada de manera preliminar como Florentino G. V., de 40 a\u00f1os de edad.<\/p>\n\n\n\n<p>Fueron pobladores de la zona quienes descubrieron el cad\u00e1ver, por lo cual dieron aviso a las autoridades municipales correspondientes.<\/p>\n\n\n\n<p>Polic\u00edas municipales acudieron al lugar y tras lo cual dieron parte a la Vicefiscal\u00eda Regional de la Costa, que arrib\u00f3 con el personal respectivo en la zona, para iniciar las indagatorias correspondientes.<\/p>\n\n\n\n<p>Hasta el momento se desconoce la identidad de los agresores, as\u00ed como el m\u00f3vil del ataque armado; adem\u00e1s, no se ha reportado la detenci\u00f3n de persona alguna.<\/p>\n","protected":false},"excerpt":{"rendered":"<p>Redacci\u00f3n\/Zona Roja. Oaxaca de Ju\u00e1rez, Oax., a 2 de noviembre de 2023.- Una persona del&hellip;<\/p>\n","protected":false},"author":2,"featured_media":44226,"comment_status":"closed","ping_status":"open","sticky":false,"template":"","format":"standard","meta":{"_lmt_disableupdate":"","_lmt_disable":"","_jetpack_memberships_contains_paid_content":false,"footnotes":""},"categories":[109,51],"tags":[2464],"class_list":["post-61625","post","type-post","status-publish","format-standard","has-post-thumbnail","hentry","category-minuto-a-minuto","category-zona-roja","tag-santiago-ixtayutla"],"jetpack_featured_media_url":"https:\/\/zonaroja.com.mx\/wp-content\/uploads\/2022\/08\/Policias-sirenas-inseguridad-violencia-escena-crimen.png","jetpack_sharing_enabled":true,"_links":{"self":[{"href":"https:\/\/zonaroja.com.mx\/index.php?rest_route=\/wp\/v2\/posts\/61625","targetHints":{"allow":["GET"]}}],"collection":[{"href":"https:\/\/zonaroja.com.mx\/index.php?rest_route=\/wp\/v2\/posts"}],"about":[{"href":"https:\/\/zonaroja.com.mx\/index.php?rest_route=\/wp\/v2\/types\/post"}],"author":[{"embeddable":true,"href":"https:\/\/zonaroja.com.mx\/index.php?rest_route=\/wp\/v2\/users\/2"}],"replies":[{"embeddable":true,"href":"https:\/\/zonaroja.com.mx\/index.php?rest_route=%2Fwp%2Fv2%2Fcomments&post=61625"}],"version-history":[{"count":1,"href":"https:\/\/zonaroja.com.mx\/index.php?rest_route=\/wp\/v2\/posts\/61625\/revisions"}],"predecessor-version":[{"id":61626,"href":"https:\/\/zonaroja.com.mx\/index.php?rest_route=\/wp\/v2\/posts\/61625\/revisions\/61626"}],"wp:featuredmedia":[{"embeddable":true,"href":"https:\/\/zonaroja.com.mx\/index.php?rest_route=\/wp\/v2\/media\/44226"}],"wp:attachment":[{"href":"https:\/\/zonaroja.com.mx\/index.php?rest_route=%2Fwp%2Fv2%2Fmedia&parent=61625"}],"wp:term":[{"taxonomy":"category","embeddable":true,"href":"https:\/\/zonaroja.com.mx\/index.php?rest_route=%2Fwp%2Fv2%2Fcategories&post=61625"},{"taxonomy":"post_tag","embeddable":true,"href":"https:\/\/zonaroja.com.mx\/index.php?rest_route=%2Fwp%2Fv2%2Ftags&post=61625"}],"curies":[{"name":"wp","href":"https:\/\/api.w.org\/{rel}","templated":true}]}}