{"id":61627,"date":"2023-11-02T09:30:00","date_gmt":"2023-11-02T15:30:00","guid":{"rendered":"http:\/\/www.zonaroja.com.mx\/?p=61627"},"modified":"2023-11-02T07:15:16","modified_gmt":"2023-11-02T13:15:16","slug":"artesanas-indigenas-denuncian-estafa-y-discriminacion-en-expoferia-de-oaxaca","status":"publish","type":"post","link":"https:\/\/zonaroja.com.mx\/?p=61627","title":{"rendered":"Artesanas ind\u00edgenas denuncian estafa y discriminaci\u00f3n en expoferia de Oaxaca"},"content":{"rendered":"\n<p>Ismael Garc\u00eda M.\/Zona Roja.<\/p>\n\n\n\n<p>Oaxaca de Ju\u00e1rez, Oax., a 2 de noviembre de 2023.- \u201cEstoy muy molesta de lo que me trataron ac\u00e1 en la expo. Estoy un poco triste porque no vendimos nada esos tres d\u00edas que estuvimos\u2026<\/p>\n\n\n\n<p>\u201cMe sorprende porque estamos en nuestro estado y nos est\u00e1n tratando mal, nos corretearon, me dijeron que me salieran\u2026\u201d, es el testimonio de una de las dos artesanas ind\u00edgenas que fueron vejadas e indiscriminadas en la ciudad de Oaxaca.<\/p>\n\n\n\n<p>De acuerdo con un video e informaci\u00f3n difundida en redes sociales, se trata de Isabel Eugenia Sandoval Reyes y Celia Sandoval, originarias de la comunidad de Guadalupe, perteneciente al municipio de Magdalena Pe\u00f1asco.<\/p>\n\n\n\n<p>Ellas hab\u00edan sido invitadas a participar en la expo venta con motivo de D\u00eda de Muertos, en la feria ubicada en la calle Macedonio Alcal\u00e1, a un costado del ex convento de Santo Domingo, en el Centro Hist\u00f3rico de la capital.<\/p>\n\n\n\n<p>Sin embargo, aunque la actividad fue organizada por la Secretar\u00eda de Turismo y la Secretar\u00eda de Econom\u00eda del gobierno estatal, fue una denominada Asociaci\u00f3n de Comunidades Ind\u00edgenas de Oaxaca la que dispuso de todo el control.<\/p>\n\n\n\n<p>\u201cAc\u00e1 que es nuestro estado nos humillan, o ser\u00e1 porque nos ven la cara que somos una persona ind\u00edgena\u201d, reiter\u00f3 una de las mujeres, al lamentar el trato que recibieron quienes se dedican a elaborar textiles, sombreros, bordados t\u00edpicos y art\u00edculos de palma de la regi\u00f3n Mixteca.<\/p>\n\n\n\n<p>Seg\u00fan exponen, les pidieron cuatro mil pesos para ocupar un espacio de venta, del 26 al 29 de octubre, pero al llegar a la capital a\u00fan no hab\u00eda espacio d\u00f3nde instalarse.<\/p>\n\n\n\n<p>Tras la espera de un d\u00eda, por la noche les dieron un espacio pero en una zona inadecuada; no obstante la aceptaron, con la esperanza de vender sus productos artesanales.<\/p>\n\n\n\n<p>Pero tras ello, integrantes de la supuesta organizaci\u00f3n les empezaron a cobrar siete mil pesos, cuatro mil m\u00e1s de lo que inicialmente les hab\u00edan propuesto, por lo cual se negaron a pagar dicha cantidad; no obstante, ante ello fueron corridas de la exposici\u00f3n.<\/p>\n\n\n\n<p>Pidieron la intervenci\u00f3n del Instituto de Fomento a las Artesan\u00edas pero les dijeron que no les correspond\u00eda atender dicha problem\u00e1tica; una de las allegadas acudi\u00f3 al Palacio de Gobierno para solicitar intervenci\u00f3n, pero tampoco les hicieron caso.<\/p>\n\n\n\n<p>Tras ello, las mujeres ind\u00edgenas decidieron regresar a sus domicilios e iniciar, con el apoyo de otras personas, la denuncia p\u00fablica a trav\u00e9s de las redes sociales.<\/p>\n","protected":false},"excerpt":{"rendered":"<p>Ismael Garc\u00eda M.\/Zona Roja. Oaxaca de Ju\u00e1rez, Oax., a 2 de noviembre de 2023.- \u201cEstoy&hellip;<\/p>\n","protected":false},"author":2,"featured_media":61628,"comment_status":"closed","ping_status":"open","sticky":false,"template":"","format":"standard","meta":{"_lmt_disableupdate":"","_lmt_disable":"","_jetpack_memberships_contains_paid_content":false,"footnotes":""},"categories":[109,47],"tags":[],"class_list":["post-61627","post","type-post","status-publish","format-standard","has-post-thumbnail","hentry","category-minuto-a-minuto","category-zona-gris"],"jetpack_featured_media_url":"https:\/\/zonaroja.com.mx\/wp-content\/uploads\/2023\/11\/Indigenas-discriminadas-Oaxaca.jpg","jetpack_sharing_enabled":true,"_links":{"self":[{"href":"https:\/\/zonaroja.com.mx\/index.php?rest_route=\/wp\/v2\/posts\/61627","targetHints":{"allow":["GET"]}}],"collection":[{"href":"https:\/\/zonaroja.com.mx\/index.php?rest_route=\/wp\/v2\/posts"}],"about":[{"href":"https:\/\/zonaroja.com.mx\/index.php?rest_route=\/wp\/v2\/types\/post"}],"author":[{"embeddable":true,"href":"https:\/\/zonaroja.com.mx\/index.php?rest_route=\/wp\/v2\/users\/2"}],"replies":[{"embeddable":true,"href":"https:\/\/zonaroja.com.mx\/index.php?rest_route=%2Fwp%2Fv2%2Fcomments&post=61627"}],"version-history":[{"count":1,"href":"https:\/\/zonaroja.com.mx\/index.php?rest_route=\/wp\/v2\/posts\/61627\/revisions"}],"predecessor-version":[{"id":61629,"href":"https:\/\/zonaroja.com.mx\/index.php?rest_route=\/wp\/v2\/posts\/61627\/revisions\/61629"}],"wp:featuredmedia":[{"embeddable":true,"href":"https:\/\/zonaroja.com.mx\/index.php?rest_route=\/wp\/v2\/media\/61628"}],"wp:attachment":[{"href":"https:\/\/zonaroja.com.mx\/index.php?rest_route=%2Fwp%2Fv2%2Fmedia&parent=61627"}],"wp:term":[{"taxonomy":"category","embeddable":true,"href":"https:\/\/zonaroja.com.mx\/index.php?rest_route=%2Fwp%2Fv2%2Fcategories&post=61627"},{"taxonomy":"post_tag","embeddable":true,"href":"https:\/\/zonaroja.com.mx\/index.php?rest_route=%2Fwp%2Fv2%2Ftags&post=61627"}],"curies":[{"name":"wp","href":"https:\/\/api.w.org\/{rel}","templated":true}]}}