{"id":61630,"date":"2023-11-02T10:30:00","date_gmt":"2023-11-02T16:30:00","guid":{"rendered":"http:\/\/www.zonaroja.com.mx\/?p=61630"},"modified":"2023-11-02T07:26:12","modified_gmt":"2023-11-02T13:26:12","slug":"tras-paso-de-huracan-hay-18-extranjeros-desaparecidos-en-acapulco","status":"publish","type":"post","link":"https:\/\/zonaroja.com.mx\/?p=61630","title":{"rendered":"Tras paso de hurac\u00e1n, hay 18 extranjeros desaparecidos en Acapulco"},"content":{"rendered":"\n<p>Redacci\u00f3n\/Zona Roja Cdmx.<\/p>\n\n\n\n<p>Ciudad de M\u00e9xico, a 2 de noviembre de 2023.- Autoridades reportaron como personas no localizadas a 18 extranjeros, tras la devastaci\u00f3n provocada por el hurac\u00e1n \u201cOtis\u201d en el estado de Guerrero la semana pasada.<\/p>\n\n\n\n<p>En la conferencia matutina de Palacio Nacional, se apunt\u00f3 que de los extranjeros desaparecidos son 11 estadounidenses, cinco franceses, un peruano y uno m\u00e1s de Reino Unido.<\/p>\n\n\n\n<p>Adem\u00e1s, el Gobierno de M\u00e9xico indic\u00f3 que tres personas extranjeras murieron: un canadiense, un estadounidense y otra m\u00e1s de Reino Unido, quienes resid\u00edan en Guerrero.<\/p>\n\n\n\n<p>\u201cSolo tres s\u00ed se tiene ya informaci\u00f3n de que lamentablemente perdieron la vida, un canadiense, un estadounidense y un ingl\u00e9s, pero eran residentes, no eran turistas\u201d, detall\u00f3 en la conferencia matutina el presidente Andr\u00e9s Manuel L\u00f3pez Obrador.<\/p>\n\n\n\n<p>Por su parte, la gobernadora de Guerrero, Evelyn Salgado, dej\u00f3 en claro que se van a ampliar las brigadas de b\u00fasqueda de personas.<\/p>\n\n\n\n<p>\u201cMuchos se fueron con vecinos, otros est\u00e1n con familiares, en albergues, ya tenemos la lista, con esta comisi\u00f3n lo que hacemos es que acudimos a hogares, ah\u00ed es donde hemos encontrado la cantidad mayor de personas. Hasta el momento la cifra es la que compartimos anteriormente\u201d, puntualiz\u00f3.<\/p>\n\n\n\n<p>El Gobierno mexicano elev\u00f3 a 348 la cifra de extranjeros localizados tras el impacto el hurac\u00e1n Otis.<\/p>\n\n\n\n<p>Este mi\u00e9rcoles se cumpli\u00f3 una semana del azote de Otis en Guerrero, que toc\u00f3 tierra como categor\u00eda 5 y que donde rompi\u00f3 el r\u00e9cord de intensificaci\u00f3n de un cicl\u00f3n en M\u00e9xico, donde contin\u00faan las labores de b\u00fasqueda de personas y recuento de da\u00f1os, en particular en Acapulco, la ciudad m\u00e1s impactada y una de las m\u00e1s tur\u00edsticas del pa\u00eds.<\/p>\n\n\n\n<p>(Informaci\u00f3n de L\u00f3pez-D\u00f3riga Digital)<\/p>\n","protected":false},"excerpt":{"rendered":"<p>Redacci\u00f3n\/Zona Roja Cdmx. Ciudad de M\u00e9xico, a 2 de noviembre de 2023.- Autoridades reportaron como&hellip;<\/p>\n","protected":false},"author":2,"featured_media":61349,"comment_status":"closed","ping_status":"open","sticky":false,"template":"","format":"standard","meta":{"_lmt_disableupdate":"","_lmt_disable":"","_jetpack_memberships_contains_paid_content":false,"footnotes":""},"categories":[109,47],"tags":[3713],"class_list":["post-61630","post","type-post","status-publish","format-standard","has-post-thumbnail","hentry","category-minuto-a-minuto","category-zona-gris","tag-huracan-otis"],"jetpack_featured_media_url":"https:\/\/zonaroja.com.mx\/wp-content\/uploads\/2023\/10\/Danos-huracan-Otis-Acapulco-1.jpg","jetpack_sharing_enabled":true,"_links":{"self":[{"href":"https:\/\/zonaroja.com.mx\/index.php?rest_route=\/wp\/v2\/posts\/61630","targetHints":{"allow":["GET"]}}],"collection":[{"href":"https:\/\/zonaroja.com.mx\/index.php?rest_route=\/wp\/v2\/posts"}],"about":[{"href":"https:\/\/zonaroja.com.mx\/index.php?rest_route=\/wp\/v2\/types\/post"}],"author":[{"embeddable":true,"href":"https:\/\/zonaroja.com.mx\/index.php?rest_route=\/wp\/v2\/users\/2"}],"replies":[{"embeddable":true,"href":"https:\/\/zonaroja.com.mx\/index.php?rest_route=%2Fwp%2Fv2%2Fcomments&post=61630"}],"version-history":[{"count":1,"href":"https:\/\/zonaroja.com.mx\/index.php?rest_route=\/wp\/v2\/posts\/61630\/revisions"}],"predecessor-version":[{"id":61631,"href":"https:\/\/zonaroja.com.mx\/index.php?rest_route=\/wp\/v2\/posts\/61630\/revisions\/61631"}],"wp:featuredmedia":[{"embeddable":true,"href":"https:\/\/zonaroja.com.mx\/index.php?rest_route=\/wp\/v2\/media\/61349"}],"wp:attachment":[{"href":"https:\/\/zonaroja.com.mx\/index.php?rest_route=%2Fwp%2Fv2%2Fmedia&parent=61630"}],"wp:term":[{"taxonomy":"category","embeddable":true,"href":"https:\/\/zonaroja.com.mx\/index.php?rest_route=%2Fwp%2Fv2%2Fcategories&post=61630"},{"taxonomy":"post_tag","embeddable":true,"href":"https:\/\/zonaroja.com.mx\/index.php?rest_route=%2Fwp%2Fv2%2Ftags&post=61630"}],"curies":[{"name":"wp","href":"https:\/\/api.w.org\/{rel}","templated":true}]}}