{"id":61634,"date":"2023-11-02T12:30:00","date_gmt":"2023-11-02T18:30:00","guid":{"rendered":"http:\/\/www.zonaroja.com.mx\/?p=61634"},"modified":"2023-11-02T07:33:28","modified_gmt":"2023-11-02T13:33:28","slug":"ordeno-jefe-de-gobierno-de-la-cdmx-atacar-a-harfuch-esto-se-sabe","status":"publish","type":"post","link":"https:\/\/zonaroja.com.mx\/?p=61634","title":{"rendered":"\u00bfOrden\u00f3 jefe de Gobierno de la Cdmx atacar a Harfuch? Esto se sabe"},"content":{"rendered":"\n<p>Redacci\u00f3n\/Zona Roja Cdmx.<\/p>\n\n\n\n<p>Ciudad de M\u00e9xico, a 2 de noviembre de 2023.- Durante el proceso interno del partido Morena para definir su candidatura a la Jefatura de Gobierno, surgieron distintos audios que fueron difundidos en redes sociales e involucraron a la aspirante Clara Brugada y recientemente al mandatario capitalino Mart\u00ed Batres, mismos que ambos se encargaron de desmentir.<\/p>\n\n\n\n<p>Sin que hayan iniciado las precampa\u00f1as electorales de manera oficial, la aparici\u00f3n de dichos materiales en las redes sociales con expresiones en contra del aspirante morenista Omar Garc\u00eda Harfuch, ocasionaron un efecto de propagaci\u00f3n inmediata.<\/p>\n\n\n\n<p>Por lo anterior, Batres y Brugada culparon a partidos de oposici\u00f3n de buscar generar tensi\u00f3n en el proceso interno de su partido y ambos afirmaron que los audios fueron fabricados mediante la inteligencia artificial.<\/p>\n\n\n\n<p>SUPUESTA LLAMADA<\/p>\n\n\n\n<p>A finales de septiembre, surgi\u00f3 una supuesta llamada telef\u00f3nica en la que la aspirante morenista Clara Brugada le pide a un interlocutor que le ayude a mover encuestas a su favor, ya que el otro aspirante de este partido, Omar Garc\u00eda Harfuch, va arriba en las mediciones.<\/p>\n\n\n\n<p>\u201cNo nos bajamos, hay que seguir diciendo por todos lados que yo soy la \u00fanica candidata verdadera de la 4T y que soy la m\u00e1s cercana a Andr\u00e9s (Manuel L\u00f3pez Obrador)\u201d, se escucha.<\/p>\n\n\n\n<p>En otra supuesta conversaci\u00f3n que fue difundida el 10 de octubre, Clara Brugada prepara una negociaci\u00f3n con el partido Movimiento Ciudadano o con quien ofrezca una mejor posici\u00f3n pol\u00edtica.<\/p>\n\n\n\n<p>UNA M\u00c1S<\/p>\n\n\n\n<p>La noche del 31 de octubre, en redes sociales se lanz\u00f3 un audio que involucra al jefe de Gobierno, Mart\u00ed Batres, en el que supuestamente lanzar\u00eda un dispositivo para buscar bajar a Harfuch de las encuestas y seguir apoyando a la iztapalapense.<\/p>\n\n\n\n<p>\u201cHay que seguir apoyando a Clara (Brugada) y no soltar la campa\u00f1a contra Omar (Garc\u00eda Harfuch) en redes\u201d, se escucha en el audio.<\/p>\n\n\n\n<p>Las supuestas conversaciones coinciden en un mismo factor: el proceso interno de Morena y una estrategia en contra del exjefe de la polic\u00eda de la Ciudad de M\u00e9xico y aspirante a la Jefatura de Gobierno, Omar Garc\u00eda Harfuch.<\/p>\n\n\n\n<p>Clara Brugada y Mart\u00ed Batres aseguraron ser v\u00edctimas de audios producidos a trav\u00e9s de herramientas digitales e Inteligencia Artificial. Ambos coincidieron en que dicha estrategia busca causar tensi\u00f3n en el proceso interno de Morena rumbo a la candidatura a la Jefatura de Gobierno.<\/p>\n\n\n\n<p>En la conversaci\u00f3n difundida sobre Mart\u00ed Batres, incluso, periodista de renombre como Viri R\u00edos y Hern\u00e1n G\u00f3mez se vieron involucrados, para supuestamente escribir en contra de Harfuch en sus respectivas cuentas, hecho que fue desmentido por ambos.<\/p>\n\n\n\n<p>LO RECHAZAN<\/p>\n\n\n\n<p>A trav\u00e9s de un comunicado, el partido Morena en la Ciudad de M\u00e9xico respald\u00f3 al jefe de Gobierno Mart\u00ed Batres y descalific\u00f3 la supuesta conversaci\u00f3n telef\u00f3nica. Hizo un llamado a sus militantes a no caer en noticias falsas difundidas a trav\u00e9s de redes sociales<\/p>\n\n\n\n<p>\u201cA quienes durante muchos a\u00f1os hemos luchado junto con Mart\u00ed Batres sabemos que es una persona \u00edntegra y de principios, por ello nos queda claro que la creaci\u00f3n y difusi\u00f3n de ese audio es producto de la guerra sucia que los conservadores llevan a cabo en contra de Morena y de sus militantes\u201d.<\/p>\n\n\n\n<p>Llamaron a la alianza conformada por los partidos PAN, PRI y PRD a no generar este tipo de contenidos falsos para crear tensi\u00f3n en su proceso interno.<\/p>\n\n\n\n<p>(Informaci\u00f3n de \u201cExpansi\u00f3n Pol\u00edtica\u201d)<\/p>\n","protected":false},"excerpt":{"rendered":"<p>Redacci\u00f3n\/Zona Roja Cdmx. Ciudad de M\u00e9xico, a 2 de noviembre de 2023.- Durante el proceso&hellip;<\/p>\n","protected":false},"author":2,"featured_media":61635,"comment_status":"closed","ping_status":"open","sticky":false,"template":"","format":"standard","meta":{"_lmt_disableupdate":"","_lmt_disable":"","_jetpack_memberships_contains_paid_content":false,"footnotes":""},"categories":[109,47],"tags":[],"class_list":["post-61634","post","type-post","status-publish","format-standard","has-post-thumbnail","hentry","category-minuto-a-minuto","category-zona-gris"],"jetpack_featured_media_url":"https:\/\/zonaroja.com.mx\/wp-content\/uploads\/2023\/11\/Marti-Batres-Brugada-y-Harfuch.webp","jetpack_sharing_enabled":true,"_links":{"self":[{"href":"https:\/\/zonaroja.com.mx\/index.php?rest_route=\/wp\/v2\/posts\/61634","targetHints":{"allow":["GET"]}}],"collection":[{"href":"https:\/\/zonaroja.com.mx\/index.php?rest_route=\/wp\/v2\/posts"}],"about":[{"href":"https:\/\/zonaroja.com.mx\/index.php?rest_route=\/wp\/v2\/types\/post"}],"author":[{"embeddable":true,"href":"https:\/\/zonaroja.com.mx\/index.php?rest_route=\/wp\/v2\/users\/2"}],"replies":[{"embeddable":true,"href":"https:\/\/zonaroja.com.mx\/index.php?rest_route=%2Fwp%2Fv2%2Fcomments&post=61634"}],"version-history":[{"count":1,"href":"https:\/\/zonaroja.com.mx\/index.php?rest_route=\/wp\/v2\/posts\/61634\/revisions"}],"predecessor-version":[{"id":61636,"href":"https:\/\/zonaroja.com.mx\/index.php?rest_route=\/wp\/v2\/posts\/61634\/revisions\/61636"}],"wp:featuredmedia":[{"embeddable":true,"href":"https:\/\/zonaroja.com.mx\/index.php?rest_route=\/wp\/v2\/media\/61635"}],"wp:attachment":[{"href":"https:\/\/zonaroja.com.mx\/index.php?rest_route=%2Fwp%2Fv2%2Fmedia&parent=61634"}],"wp:term":[{"taxonomy":"category","embeddable":true,"href":"https:\/\/zonaroja.com.mx\/index.php?rest_route=%2Fwp%2Fv2%2Fcategories&post=61634"},{"taxonomy":"post_tag","embeddable":true,"href":"https:\/\/zonaroja.com.mx\/index.php?rest_route=%2Fwp%2Fv2%2Ftags&post=61634"}],"curies":[{"name":"wp","href":"https:\/\/api.w.org\/{rel}","templated":true}]}}