{"id":61637,"date":"2023-11-02T13:30:00","date_gmt":"2023-11-02T19:30:00","guid":{"rendered":"http:\/\/www.zonaroja.com.mx\/?p=61637"},"modified":"2023-11-02T07:57:07","modified_gmt":"2023-11-02T13:57:07","slug":"el-poder-judicial-de-oaxaca-promueve-justicia-alternativa-en-materia-laboral","status":"publish","type":"post","link":"https:\/\/zonaroja.com.mx\/?p=61637","title":{"rendered":"El Poder Judicial de Oaxaca promueve\u00a0justicia\u00a0alternativa en materia laboral\u00a0"},"content":{"rendered":"\n<p>Redacci\u00f3n\/Zona Rona.<\/p>\n\n\n\n<p>Oaxaca de Ju\u00e1rez, Oax., a 2 de noviembre de 2023.- La conciliaci\u00f3n laboral en materia judicial permite generar una comunicaci\u00f3n efectiva en conflictos que muchas veces tienen que ver con situaciones humanas y emocionales, aclarando malos entendidos o&nbsp;aspectos&nbsp;que ayudan a mejorar las relaciones entre trabajadores y patrones,&nbsp;afirm\u00f3&nbsp;la doctora&nbsp;Nancy Flemming Tello, responsable del&nbsp;M\u00f3dulo de Justicia Alternativa en materia laboraldel Poder Judicial del Estado.&nbsp;<\/p>\n\n\n\n<p>Con una experiencia de m\u00e1s de 20 a\u00f1os en los mecanismos alternativos de soluci\u00f3n de controversias,&nbsp;la especialista&nbsp;se\u00f1al\u00f3 que existe una idea equivocada en la sociedad sobre este tipo de procedimientos; sin embargo, son un derecho humano establecido en el Art\u00edculo 17 de la Constituci\u00f3n Pol\u00edtica de los Estados Unidos Mexicanos,&nbsp;contemplados como la v\u00eda de acceso a la justicia.<\/p>\n\n\n\n<p>Explic\u00f3 que a trav\u00e9s de esquemas como la conciliaci\u00f3n se propicia&nbsp;una participaci\u00f3n m\u00e1s activa de la poblaci\u00f3n para encontrar otras formas de relacionarse entre s\u00ed, donde se privilegie la responsabilidad personal, el respeto al otro y la utilizaci\u00f3n de la negociaci\u00f3n y la comunicaci\u00f3n para&nbsp;llegar a acuerdos conciliados&nbsp;y ayudar&nbsp;a las v\u00edctimas a obtener de una forma m\u00e1s r\u00e1pida y eficiente la reparaci\u00f3n del da\u00f1o cuando sea necesario.<\/p>\n\n\n\n<p>El&nbsp;M\u00f3dulo de Justicia Alternativa en materia laboral&nbsp;del Poder Judicial del Estado,&nbsp;se encuentra&nbsp;ubicado en las instalaciones de los Juzgados Laborales, en la agencia de Santa Mar\u00eda Ixcotel,&nbsp;donde personal especializado escucha tanto a las y los trabajadores como a representantes de empresas involucradas en un proceso&nbsp;a fin de brindar alternativas de soluci\u00f3n a su caso.<\/p>\n\n\n\n<p>La doctora&nbsp;Nancy Flemming Tello,&nbsp;fue entrevistada&nbsp;para el podcast&nbsp;\u201cHablemos Justamente\u201d, producido en colaboraci\u00f3n con la Corporaci\u00f3n Oaxaque\u00f1a de Radio y Televisi\u00f3n (Cortv),&nbsp;el cual&nbsp;se encuentra disponible en las redes sociales del Poder Judicial del Estado y en las plataformas digitales de Spotify y&nbsp;Souncloud. &nbsp;<\/p>\n","protected":false},"excerpt":{"rendered":"<p>Redacci\u00f3n\/Zona Rona. Oaxaca de Ju\u00e1rez, Oax., a 2 de noviembre de 2023.- La conciliaci\u00f3n laboral&hellip;<\/p>\n","protected":false},"author":2,"featured_media":47612,"comment_status":"closed","ping_status":"open","sticky":false,"template":"","format":"standard","meta":{"_lmt_disableupdate":"","_lmt_disable":"","_jetpack_memberships_contains_paid_content":false,"footnotes":""},"categories":[109,46],"tags":[223],"class_list":["post-61637","post","type-post","status-publish","format-standard","has-post-thumbnail","hentry","category-minuto-a-minuto","category-zona-blanca","tag-poder-judicial-de-oaxaca"],"jetpack_featured_media_url":"https:\/\/zonaroja.com.mx\/wp-content\/uploads\/2022\/11\/Tribunal-Superior-Oaxaca-Poder-Judicial.jpeg","jetpack_sharing_enabled":true,"_links":{"self":[{"href":"https:\/\/zonaroja.com.mx\/index.php?rest_route=\/wp\/v2\/posts\/61637","targetHints":{"allow":["GET"]}}],"collection":[{"href":"https:\/\/zonaroja.com.mx\/index.php?rest_route=\/wp\/v2\/posts"}],"about":[{"href":"https:\/\/zonaroja.com.mx\/index.php?rest_route=\/wp\/v2\/types\/post"}],"author":[{"embeddable":true,"href":"https:\/\/zonaroja.com.mx\/index.php?rest_route=\/wp\/v2\/users\/2"}],"replies":[{"embeddable":true,"href":"https:\/\/zonaroja.com.mx\/index.php?rest_route=%2Fwp%2Fv2%2Fcomments&post=61637"}],"version-history":[{"count":1,"href":"https:\/\/zonaroja.com.mx\/index.php?rest_route=\/wp\/v2\/posts\/61637\/revisions"}],"predecessor-version":[{"id":61638,"href":"https:\/\/zonaroja.com.mx\/index.php?rest_route=\/wp\/v2\/posts\/61637\/revisions\/61638"}],"wp:featuredmedia":[{"embeddable":true,"href":"https:\/\/zonaroja.com.mx\/index.php?rest_route=\/wp\/v2\/media\/47612"}],"wp:attachment":[{"href":"https:\/\/zonaroja.com.mx\/index.php?rest_route=%2Fwp%2Fv2%2Fmedia&parent=61637"}],"wp:term":[{"taxonomy":"category","embeddable":true,"href":"https:\/\/zonaroja.com.mx\/index.php?rest_route=%2Fwp%2Fv2%2Fcategories&post=61637"},{"taxonomy":"post_tag","embeddable":true,"href":"https:\/\/zonaroja.com.mx\/index.php?rest_route=%2Fwp%2Fv2%2Ftags&post=61637"}],"curies":[{"name":"wp","href":"https:\/\/api.w.org\/{rel}","templated":true}]}}