{"id":61639,"date":"2023-11-02T14:30:00","date_gmt":"2023-11-02T20:30:00","guid":{"rendered":"http:\/\/www.zonaroja.com.mx\/?p=61639"},"modified":"2023-11-02T07:58:51","modified_gmt":"2023-11-02T13:58:51","slug":"alerta-la-unesco-por-aumento-de-ataques-a-periodistas","status":"publish","type":"post","link":"https:\/\/zonaroja.com.mx\/?p=61639","title":{"rendered":"Alerta la Unesco por aumento de ataques a periodistas"},"content":{"rendered":"\n<p>Redacci\u00f3n\/Zona Roja Cdmx.<\/p>\n\n\n\n<p>Ciudad de M\u00e9xico, a 2 de noviembre de 2023.- La Unesco lanz\u00f3 una alerta por el fuerte aumento de ataques contra periodistas y las violaciones de sus derechos durante los periodos electorales de cara a los comicios que se van a celebrar en m\u00e1s de 80 pa\u00edses el a\u00f1o pr\u00f3ximo.<\/p>\n\n\n\n<p>La Organizaci\u00f3n de la ONU para la Educaci\u00f3n, la Ciencia y la Cultura (Unesco) indic\u00f3 que entre enero de 2019 y junio de 2022 ha documentado 759 ataques individuales contra periodistas durante 89 elecciones en 70 pa\u00edses de todo el mundo, y eso incluye cinco asesinatos.<\/p>\n\n\n\n<p>Un 42 por ciento de esos ataques fueron cometidos por la polic\u00eda o por diferentes cuerpos de fuerzas de seguridad.<\/p>\n\n\n\n<p>La Unesco hace notar que en numerosos casos las autoridades gubernamentales bloquearon al p\u00fablico el ejercicio de su derecho al acceso a la informaci\u00f3n durante los comicios y las manifestaciones p\u00fablicas.<\/p>\n\n\n\n<p>Eso se hizo, por ejemplo, mediante apagones de internet y disrupciones en el servicio, pero tambi\u00e9n censurando a los medios y a las voces cr\u00edticas o vigilando digitalmente a los periodistas.<\/p>\n\n\n\n<p>\u201cTodas esas intervenciones -advierte- se hicieron en nombre del orden p\u00fablico y de la seguridad nacional\u201d.<\/p>\n\n\n\n<p>(Con informaci\u00f3n de EFE, en L\u00f3pez-D\u00f3riga Digital)<\/p>\n","protected":false},"excerpt":{"rendered":"<p>Redacci\u00f3n\/Zona Roja Cdmx. Ciudad de M\u00e9xico, a 2 de noviembre de 2023.- La Unesco lanz\u00f3&hellip;<\/p>\n","protected":false},"author":2,"featured_media":43114,"comment_status":"closed","ping_status":"open","sticky":false,"template":"","format":"standard","meta":{"_lmt_disableupdate":"","_lmt_disable":"","_jetpack_memberships_contains_paid_content":false,"footnotes":""},"categories":[109,47],"tags":[945],"class_list":["post-61639","post","type-post","status-publish","format-standard","has-post-thumbnail","hentry","category-minuto-a-minuto","category-zona-gris","tag-ataques-a-periodistas-unesco"],"jetpack_featured_media_url":"https:\/\/zonaroja.com.mx\/wp-content\/uploads\/2022\/07\/Prensa-asesinato-periodistas-libertad-de-expresion.webp","jetpack_sharing_enabled":true,"_links":{"self":[{"href":"https:\/\/zonaroja.com.mx\/index.php?rest_route=\/wp\/v2\/posts\/61639","targetHints":{"allow":["GET"]}}],"collection":[{"href":"https:\/\/zonaroja.com.mx\/index.php?rest_route=\/wp\/v2\/posts"}],"about":[{"href":"https:\/\/zonaroja.com.mx\/index.php?rest_route=\/wp\/v2\/types\/post"}],"author":[{"embeddable":true,"href":"https:\/\/zonaroja.com.mx\/index.php?rest_route=\/wp\/v2\/users\/2"}],"replies":[{"embeddable":true,"href":"https:\/\/zonaroja.com.mx\/index.php?rest_route=%2Fwp%2Fv2%2Fcomments&post=61639"}],"version-history":[{"count":1,"href":"https:\/\/zonaroja.com.mx\/index.php?rest_route=\/wp\/v2\/posts\/61639\/revisions"}],"predecessor-version":[{"id":61640,"href":"https:\/\/zonaroja.com.mx\/index.php?rest_route=\/wp\/v2\/posts\/61639\/revisions\/61640"}],"wp:featuredmedia":[{"embeddable":true,"href":"https:\/\/zonaroja.com.mx\/index.php?rest_route=\/wp\/v2\/media\/43114"}],"wp:attachment":[{"href":"https:\/\/zonaroja.com.mx\/index.php?rest_route=%2Fwp%2Fv2%2Fmedia&parent=61639"}],"wp:term":[{"taxonomy":"category","embeddable":true,"href":"https:\/\/zonaroja.com.mx\/index.php?rest_route=%2Fwp%2Fv2%2Fcategories&post=61639"},{"taxonomy":"post_tag","embeddable":true,"href":"https:\/\/zonaroja.com.mx\/index.php?rest_route=%2Fwp%2Fv2%2Ftags&post=61639"}],"curies":[{"name":"wp","href":"https:\/\/api.w.org\/{rel}","templated":true}]}}