{"id":61644,"date":"2023-11-02T18:17:00","date_gmt":"2023-11-03T00:17:00","guid":{"rendered":"http:\/\/www.zonaroja.com.mx\/?p=61644"},"modified":"2023-11-02T17:30:42","modified_gmt":"2023-11-02T23:30:42","slug":"horrorizado-secretario-general-de-la-onu-por-ataques-israelies-a-refugiados","status":"publish","type":"post","link":"https:\/\/zonaroja.com.mx\/?p=61644","title":{"rendered":"Horrorizado, secretario General de la ONU por ataques israel\u00edes a refugiados"},"content":{"rendered":"\n<p>Redacci\u00f3n\/Zona Roja Cdmx.<\/p>\n\n\n\n<p>Ciudad de M\u00e9xico, a 2 de noviembre de 2023.- Al condenar \u201cen los m\u00e1s duros t\u00e9rminos cualquier asesinato de civiles\u201d, el secretario general de la Organizaci\u00f3n de Naciones Unidas (ONU), Antonio Guterres, manifest\u00f3 ayer estar \u201chorrorizado\u201d por los bombardeos israel\u00edes en el campo de refugiados de Jabaliya, al tiempo que la Oficina de Derechos Humanos de Naciones Unidas advirti\u00f3 que dichos ataques podr\u00edan constituir \u201ccr\u00edmenes de guerra\u201d.<\/p>\n\n\n\n<p>\u201cEl secretario general est\u00e1 horrorizado por la escalada de violencia en Gaza y la muerte de palestinos, entre ellos mujeres y ni\u00f1os, en ataques a\u00e9reos israel\u00edes en zonas residenciales del campo de refugiados de Jabaliya\u201d, declar\u00f3 su portavoz, St\u00e9phane Dujarric.<\/p>\n\n\n\n<p>Guterres reiter\u00f3: \u201cTodas las partes deben respetar el derecho internacional humanitario, incluidos los principios de diferenciaci\u00f3n, proporcionalidad y precauci\u00f3n\u201d.<\/p>\n\n\n\n<p>El jefe de la ONU \u201ccondena en los t\u00e9rminos m\u00e1s en\u00e9rgicos la muerte de civiles\u201d, e insisti\u00f3 en el llamado a \u201ctodas las partes para que pongan fin a esta espantosa violencia y sufrimiento\u201d y a Hamas para que libere a los rehenes, indic\u00f3 Dujarric.<\/p>\n\n\n\n<p>\u201cDado el elevado n\u00famero de v\u00edctimas civiles y la escalada de destrucci\u00f3n tras los ataques a\u00e9reos israel\u00edes en el campo de refugiados de Jabaliya, nos preocupa que se trate de ataques desproporcionados que podr\u00edan constituir cr\u00edmenes de guerra\u201d, manifest\u00f3 la oficina de Derechos Humanos de la ONU en redes sociales.<\/p>\n\n\n\n<p>El jefe de asuntos humanitarios de la ONU, Martin Griffiths, dijo que los bombardeos a Jabaliya \u201cson la \u00faltima atrocidad que golpea a la poblaci\u00f3n de Gaza, donde los combates entraron en una fase a\u00fan m\u00e1s aterradora, con consecuencias humanitarias cada vez m\u00e1s atroces.<\/p>\n\n\n\n<p>\u201cEn Gaza, mujeres, ni\u00f1os y hombres mueren de hambre, quedan traumatizados y mueren v\u00edctimas de los bombardeos. Perdieron toda fe en la humanidad y toda esperanza en el futuro\u201d, insisti\u00f3 Griffiths a su regreso de un viaje a Israel y Cisjordania.<\/p>\n\n\n\n<p>\u201cUna guerra que mata a miles de ni\u00f1os no tiene vencedor\u201d, afirm\u00f3 el Comit\u00e9 de los Derechos del Ni\u00f1o de la ONU, al repudiar las graves violaciones de los derechos humanos en Gaza, que han provocado la muerte de m\u00e1s de 3 mil 500 menores palestinos desde el 7 de octubre de 2023\u201d, y manifest\u00f3 en un comunicado su \u201cprofunda preocupaci\u00f3n\u201d por aquellos que han sido tomados como rehenes en el ataque perpetrado ese d\u00eda por milicianos de Hamas en territorio israel\u00ed.<\/p>\n\n\n\n<p>Miles de habitantes de Gaza heridos o enfermos cr\u00f3nicos necesitan atenci\u00f3n m\u00e9dica, destac\u00f3 la Organizaci\u00f3n Mundial de la Salud, y se congratul\u00f3 de las primeras 81 evacuaciones sanitarias a Egipto desde Gaza.<\/p>\n\n\n\n<p>M\u00e9dicos Sin Fronteras confirm\u00f3 la evacuaci\u00f3n de todo su personal internacional de Gaza que no hab\u00eda podido salir desde el 7 de octubre.<\/p>\n\n\n\n<p>A su vez, la Agencia de Naciones Unidas para los Refugiados Palestinos de Oriente Pr\u00f3ximo, dio a conocer que al menos 70 de sus trabajadores han perecido en la franja de Gaza desde el inicio de los ataques israel\u00ed en Gaza, el 7 de octubre, y 22 han resultado heridos.<\/p>\n\n\n\n<p>Estados Unidos y Alemania insistieron por separado en que Israel tiene derecho a defenderse; sin embargo, Washington se\u00f1al\u00f3 que debe hacerse \u201cde acuerdo con el derecho internacional humanitario y discutir\u00e1 la necesidad de tomar todas las precauciones para minimizar las v\u00edctimas civiles\u201d puntualiz\u00f3 el portavoz estadunidense, Matthew Miller.<\/p>\n\n\n\n<p>Francia expres\u00f3 su preocupaci\u00f3n por \u201cel alto costo que los ataques israel\u00edes contra el campo de Jabaliya han causado a la poblaci\u00f3n civil palestina y expres\u00f3 su compasi\u00f3n por las v\u00edctimas\u201d.<\/p>\n\n\n\n<p>(Informaci\u00f3n de AFP y Europa Press en \u201cLa Jornada\u201d)<\/p>\n","protected":false},"excerpt":{"rendered":"<p>Redacci\u00f3n\/Zona Roja Cdmx. Ciudad de M\u00e9xico, a 2 de noviembre de 2023.- Al condenar \u201cen&hellip;<\/p>\n","protected":false},"author":2,"featured_media":60808,"comment_status":"closed","ping_status":"open","sticky":false,"template":"","format":"standard","meta":{"_lmt_disableupdate":"","_lmt_disable":"","_jetpack_memberships_contains_paid_content":false,"footnotes":""},"categories":[109,47],"tags":[2668],"class_list":["post-61644","post","type-post","status-publish","format-standard","has-post-thumbnail","hentry","category-minuto-a-minuto","category-zona-gris","tag-conflicto-gaza-israel"],"jetpack_featured_media_url":"https:\/\/zonaroja.com.mx\/wp-content\/uploads\/2023\/10\/Guerra-Israel-Hamas.jpeg","jetpack_sharing_enabled":true,"_links":{"self":[{"href":"https:\/\/zonaroja.com.mx\/index.php?rest_route=\/wp\/v2\/posts\/61644","targetHints":{"allow":["GET"]}}],"collection":[{"href":"https:\/\/zonaroja.com.mx\/index.php?rest_route=\/wp\/v2\/posts"}],"about":[{"href":"https:\/\/zonaroja.com.mx\/index.php?rest_route=\/wp\/v2\/types\/post"}],"author":[{"embeddable":true,"href":"https:\/\/zonaroja.com.mx\/index.php?rest_route=\/wp\/v2\/users\/2"}],"replies":[{"embeddable":true,"href":"https:\/\/zonaroja.com.mx\/index.php?rest_route=%2Fwp%2Fv2%2Fcomments&post=61644"}],"version-history":[{"count":1,"href":"https:\/\/zonaroja.com.mx\/index.php?rest_route=\/wp\/v2\/posts\/61644\/revisions"}],"predecessor-version":[{"id":61645,"href":"https:\/\/zonaroja.com.mx\/index.php?rest_route=\/wp\/v2\/posts\/61644\/revisions\/61645"}],"wp:featuredmedia":[{"embeddable":true,"href":"https:\/\/zonaroja.com.mx\/index.php?rest_route=\/wp\/v2\/media\/60808"}],"wp:attachment":[{"href":"https:\/\/zonaroja.com.mx\/index.php?rest_route=%2Fwp%2Fv2%2Fmedia&parent=61644"}],"wp:term":[{"taxonomy":"category","embeddable":true,"href":"https:\/\/zonaroja.com.mx\/index.php?rest_route=%2Fwp%2Fv2%2Fcategories&post=61644"},{"taxonomy":"post_tag","embeddable":true,"href":"https:\/\/zonaroja.com.mx\/index.php?rest_route=%2Fwp%2Fv2%2Ftags&post=61644"}],"curies":[{"name":"wp","href":"https:\/\/api.w.org\/{rel}","templated":true}]}}