{"id":61646,"date":"2023-11-02T19:31:00","date_gmt":"2023-11-03T01:31:00","guid":{"rendered":"http:\/\/www.zonaroja.com.mx\/?p=61646"},"modified":"2023-11-02T17:32:15","modified_gmt":"2023-11-02T23:32:15","slug":"declaran-a-47-municipios-de-guerrero-como-desastre-por-otis","status":"publish","type":"post","link":"https:\/\/zonaroja.com.mx\/?p=61646","title":{"rendered":"Declaran a 47 municipios de Guerrero como desastre, por \u201cOtis\u201d"},"content":{"rendered":"\n<p>Redacci\u00f3n\/Zona Roja Cdmx.<\/p>\n\n\n\n<p>Ciudad de M\u00e9xico, a 2 de noviembre de 2023.- La Secretar\u00eda de Seguridad y Protecci\u00f3n Ciudadana (SSPC) public\u00f3 la declaratoria de desastre natural para los 47 municipios de Guerrero afectados por el hurac\u00e1n \u201cOtis\u201d, este es un requisito legal para que se activen los recursos del Programa para la Atenci\u00f3n de Emergencias por Amenazas Naturales, a efectos de ayudar a la poblaci\u00f3n damnificada por este meteoro.<\/p>\n\n\n\n<p>Ayer se llev\u00f3 a cabo la sesi\u00f3n de instalaci\u00f3n del Comit\u00e9 de Evaluaci\u00f3n de Da\u00f1os, en la cual el gobierno del estado de Guerrero present\u00f3 la solicitud de Declaratoria de Desastre Natural respectiva.<\/p>\n\n\n\n<p>\u201c&#8230;mediante oficio n\u00famero PE\/SPG\/322\/2023, de fecha 27 de octubre de 2023, suscrito por la gobernadora Constitucional del estado de Guerrero, Mtra. Evelyn Cecia Salgado Pineda y Acta de Sesi\u00f3n Extraordinaria Permanente del Consejo Estatal de Protecci\u00f3n Civil del estado de Guerrero para solicitar declaratoria de desastre por el hurac\u00e1n categor\u00eda 5 \u00abOtis\u00bb de fecha 27 de octubre de 2023\u201d, se\u00f1ala la declaratoria publicada este jueves en el Diario Oficial de la Federaci\u00f3n (DOF).<\/p>\n\n\n\n<p>Se declara como zona de desastre por la ocurrencia de lluvia severa y vientos fuertes el d\u00eda 24 de octubre de 2023 para los municipios de Apaxtla, Arcelia, Chilpancingo, Cuetzala del Progreso, Eduardo Neri, Florencio Villarreal, General Heliodoro Castillo, Juan R. Escudero, Leonardo Bravo, Mochitl\u00e1n, San Marcos, Tecoanapa y Tlapehuala.<\/p>\n\n\n\n<p>Por lluvia severa y vientos fuertes el d\u00eda 24 de octubre de 2023 e inundaci\u00f3n pluvial el 25 de octubre de 2023 para los municipios de Acapulco, Atoyac de \u00c1lvarez, Benito Ju\u00e1rez, Coyuca de Ben\u00edtez y San Miguel Totolapan.<\/p>\n\n\n\n<p>Por lluvia severa el d\u00eda 24 de octubre de 2023 para los municipios de Acatepec, Ayutla de los Libres, Azoy\u00fa, Chilapa de \u00c1lvarez, Cocula, Copala, Cuajinicuilapa, Cuautepec, Igualapa, Juchit\u00e1n, Malinaltepec, Marquelia, Quechultenango, San Luis Acatl\u00e1n, Tixtla de Guerrero, Tlacoachistlahuaca, Tlacoapa y Xalpatl\u00e1huac.<\/p>\n\n\n\n<p>En tanto que por vientos fuertes el d\u00eda 24 de octubre de 2023 se declara zona de desastre para los municipios de Coyuca de Catal\u00e1n, Cutzamala de Pinz\u00f3n, Petatl\u00e1n, Pungarabato, T\u00e9cpan de Galeana, Tlalchapa y Zir\u00e1ndaro.<\/p>\n\n\n\n<p>Mientras que por lluvia severa el d\u00eda 24 de octubre de 2023 e inundaci\u00f3n pluvial el 25 de octubre de 2023 se declara zona de desastre para el municipio de Atlamajalcingo del Monte; por lluvia severa y vientos fuertes el 24 de octubre de 2023 e inundaci\u00f3n fluvial y pluvial el 25 de octubre de 2023 para el municipio de Ajuchitl\u00e1n del Progreso; y por inundaci\u00f3n pluvial el d\u00eda 25 de octubre de 2023 para los municipios de Iliatenco y Metlat\u00f3noc, todos del estado de Guerrero.<\/p>\n\n\n\n<p>\u201cLa presente Declaratoria de Desastre Natural se expide para efectos de atender los da\u00f1os desencadenados por fen\u00f3menos naturales perturbadores, de acuerdo con lo dispuesto por la Ley General de Protecci\u00f3n Civil y los Lineamientos\u201d, se detalla en el DOF.<\/p>\n\n\n\n<p>El pasado jueves 26 de octubre la Coordinaci\u00f3n Nacional de Protecci\u00f3n Civil (CNPC), de la SSPC, hab\u00eda anunciado que se emitir\u00eda esta declaratoria para el municipio de Acapulco, sin embargo, tras evaluar los da\u00f1os causados por \u201cOtis\u201d se decidi\u00f3 ampliar el n\u00famero de demarcaciones que recibir\u00e1n este apoyo.<\/p>\n\n\n\n<p>La declaratoria de emergencia fue firmada por el director general para la Gesti\u00f3n de Riesgos, Marcos Eduardo Olmos Tomasini, en suplencia por ausencia de la titular de la CNPC, Laura Vel\u00e1zquez.<\/p>\n\n\n\n<p>(Informaci\u00f3n de \u201cLa Jornada\u201d)<\/p>\n","protected":false},"excerpt":{"rendered":"<p>Redacci\u00f3n\/Zona Roja Cdmx. Ciudad de M\u00e9xico, a 2 de noviembre de 2023.- La Secretar\u00eda de&hellip;<\/p>\n","protected":false},"author":2,"featured_media":61459,"comment_status":"closed","ping_status":"open","sticky":false,"template":"","format":"standard","meta":{"_lmt_disableupdate":"","_lmt_disable":"","_jetpack_memberships_contains_paid_content":false,"footnotes":""},"categories":[109,47],"tags":[3713],"class_list":["post-61646","post","type-post","status-publish","format-standard","has-post-thumbnail","hentry","category-minuto-a-minuto","category-zona-gris","tag-huracan-otis"],"jetpack_featured_media_url":"https:\/\/zonaroja.com.mx\/wp-content\/uploads\/2023\/10\/Desastre-Acapulco-Otis-Guerrero.webp","jetpack_sharing_enabled":true,"_links":{"self":[{"href":"https:\/\/zonaroja.com.mx\/index.php?rest_route=\/wp\/v2\/posts\/61646","targetHints":{"allow":["GET"]}}],"collection":[{"href":"https:\/\/zonaroja.com.mx\/index.php?rest_route=\/wp\/v2\/posts"}],"about":[{"href":"https:\/\/zonaroja.com.mx\/index.php?rest_route=\/wp\/v2\/types\/post"}],"author":[{"embeddable":true,"href":"https:\/\/zonaroja.com.mx\/index.php?rest_route=\/wp\/v2\/users\/2"}],"replies":[{"embeddable":true,"href":"https:\/\/zonaroja.com.mx\/index.php?rest_route=%2Fwp%2Fv2%2Fcomments&post=61646"}],"version-history":[{"count":1,"href":"https:\/\/zonaroja.com.mx\/index.php?rest_route=\/wp\/v2\/posts\/61646\/revisions"}],"predecessor-version":[{"id":61647,"href":"https:\/\/zonaroja.com.mx\/index.php?rest_route=\/wp\/v2\/posts\/61646\/revisions\/61647"}],"wp:featuredmedia":[{"embeddable":true,"href":"https:\/\/zonaroja.com.mx\/index.php?rest_route=\/wp\/v2\/media\/61459"}],"wp:attachment":[{"href":"https:\/\/zonaroja.com.mx\/index.php?rest_route=%2Fwp%2Fv2%2Fmedia&parent=61646"}],"wp:term":[{"taxonomy":"category","embeddable":true,"href":"https:\/\/zonaroja.com.mx\/index.php?rest_route=%2Fwp%2Fv2%2Fcategories&post=61646"},{"taxonomy":"post_tag","embeddable":true,"href":"https:\/\/zonaroja.com.mx\/index.php?rest_route=%2Fwp%2Fv2%2Ftags&post=61646"}],"curies":[{"name":"wp","href":"https:\/\/api.w.org\/{rel}","templated":true}]}}