{"id":61648,"date":"2023-11-02T17:58:20","date_gmt":"2023-11-02T23:58:20","guid":{"rendered":"http:\/\/www.zonaroja.com.mx\/?p=61648"},"modified":"2023-11-02T18:13:35","modified_gmt":"2023-11-03T00:13:35","slug":"ultimo-dia-de-festividades-por-dia-de-muertos-deja-dos-asesinados","status":"publish","type":"post","link":"https:\/\/zonaroja.com.mx\/?p=61648","title":{"rendered":"\u00daltimo d\u00eda de festividades por D\u00eda de Muertos deja dos asesinados"},"content":{"rendered":"\n<p>Ismael Garc\u00eda M.\/Zona Roja.<\/p>\n\n\n\n<p>Oaxaca de Ju\u00e1rez, Oax., a 2 de noviembre de 2023.- Dos personas fueron asesinadas en hechos distintos este jueves, \u00faltimo d\u00eda de actividades por la conmemoraci\u00f3n del D\u00eda de Muertos.<\/p>\n\n\n\n<p>El m\u00e1s reciente caso ocurri\u00f3 en Santiago Huajolotitl\u00e1n, municipio de la regi\u00f3n Mixteca de Oaxaca, en el exterior de un pante\u00f3n, al que acud\u00edan cientos de personas.<\/p>\n\n\n\n<p>El ataque armado dej\u00f3 como saldo preliminar una persona fallecida y otra m\u00e1s lesionada, identificadas como El\u00edas U. S. y Alexis J., respectivamente,<\/p>\n\n\n\n<p>Por otra parte, cerca del mediod\u00eda, se registr\u00f3 una agresi\u00f3n a balazos en Santiago Pinotepa Nacional, municipio de la regi\u00f3n Costa del estado.<\/p>\n\n\n\n<p>Pese a que ocurri\u00f3 en pleno centro de dicha ciudad, en la calle Aguirre Palancares esquina 7 Norte, no hab\u00eda polic\u00edas municipales en la zona para impedir el hecho o perseguir a los atacantes.<\/p>\n\n\n\n<p>La v\u00edctima fue identificada como Fredy M., quien conduc\u00eda un taxi del sitio \u201cPinotepa\u201d, con n\u00famero econ\u00f3mico 07849, cuando fue baleado; lo trasladaron a un hospital, donde perdi\u00f3 la vida.<\/p>\n\n\n\n<p>En ambos casos, personal de la Fiscal\u00eda General del Estado de Oaxaca inici\u00f3 las respectivas carpetas de investigaci\u00f3n, para dar con el paradero del o de los responsables de estos cr\u00edmenes.<\/p>\n","protected":false},"excerpt":{"rendered":"<p>Ismael Garc\u00eda M.\/Zona Roja. Oaxaca de Ju\u00e1rez, Oax., a 2 de noviembre de 2023.- Dos&hellip;<\/p>\n","protected":false},"author":2,"featured_media":61650,"comment_status":"closed","ping_status":"open","sticky":false,"template":"","format":"standard","meta":{"_lmt_disableupdate":"","_lmt_disable":"","_jetpack_memberships_contains_paid_content":false,"footnotes":""},"categories":[109,51],"tags":[651],"class_list":["post-61648","post","type-post","status-publish","format-standard","has-post-thumbnail","hentry","category-minuto-a-minuto","category-zona-roja","tag-santiago-pinotepa-nacional"],"jetpack_featured_media_url":"https:\/\/zonaroja.com.mx\/wp-content\/uploads\/2023\/11\/Asesinado-en-Pinotepa-Nacional-taxista-1.jpeg","jetpack_sharing_enabled":true,"_links":{"self":[{"href":"https:\/\/zonaroja.com.mx\/index.php?rest_route=\/wp\/v2\/posts\/61648","targetHints":{"allow":["GET"]}}],"collection":[{"href":"https:\/\/zonaroja.com.mx\/index.php?rest_route=\/wp\/v2\/posts"}],"about":[{"href":"https:\/\/zonaroja.com.mx\/index.php?rest_route=\/wp\/v2\/types\/post"}],"author":[{"embeddable":true,"href":"https:\/\/zonaroja.com.mx\/index.php?rest_route=\/wp\/v2\/users\/2"}],"replies":[{"embeddable":true,"href":"https:\/\/zonaroja.com.mx\/index.php?rest_route=%2Fwp%2Fv2%2Fcomments&post=61648"}],"version-history":[{"count":2,"href":"https:\/\/zonaroja.com.mx\/index.php?rest_route=\/wp\/v2\/posts\/61648\/revisions"}],"predecessor-version":[{"id":61653,"href":"https:\/\/zonaroja.com.mx\/index.php?rest_route=\/wp\/v2\/posts\/61648\/revisions\/61653"}],"wp:featuredmedia":[{"embeddable":true,"href":"https:\/\/zonaroja.com.mx\/index.php?rest_route=\/wp\/v2\/media\/61650"}],"wp:attachment":[{"href":"https:\/\/zonaroja.com.mx\/index.php?rest_route=%2Fwp%2Fv2%2Fmedia&parent=61648"}],"wp:term":[{"taxonomy":"category","embeddable":true,"href":"https:\/\/zonaroja.com.mx\/index.php?rest_route=%2Fwp%2Fv2%2Fcategories&post=61648"},{"taxonomy":"post_tag","embeddable":true,"href":"https:\/\/zonaroja.com.mx\/index.php?rest_route=%2Fwp%2Fv2%2Ftags&post=61648"}],"curies":[{"name":"wp","href":"https:\/\/api.w.org\/{rel}","templated":true}]}}