{"id":61654,"date":"2023-11-02T18:19:02","date_gmt":"2023-11-03T00:19:02","guid":{"rendered":"http:\/\/www.zonaroja.com.mx\/?p=61654"},"modified":"2023-11-02T18:19:03","modified_gmt":"2023-11-03T00:19:03","slug":"asesinato-en-el-panteon-en-el-dia-de-visita-a-los-camposantos","status":"publish","type":"post","link":"https:\/\/zonaroja.com.mx\/?p=61654","title":{"rendered":"Asesinato en el pante\u00f3n, en el d\u00eda de visita a los camposantos"},"content":{"rendered":"\n<p>Redacci\u00f3n\/Zona Roja Cdmx.<\/p>\n\n\n\n<p>Ciudad de M\u00e9xico, a 2 de noviembre de 2023.- Este jueves de visita a los camposantos, como parte del D\u00eda de Muertos, se desat\u00f3 una balacera en un pante\u00f3n de Naucalpan, Estado de M\u00e9xico; el saldo que dej\u00f3 el homicidio fue de un muerto y dos heridos.<\/p>\n\n\n\n<p>El tiroteo se registr\u00f3 al interior del cementerio Gayosso Parque Memorial, ubicado en la avenida de los Arcos y Las Torres de la colonia San Juan Totoltepec, dej\u00f3 como saldo una persona muerta y dos heridas.<\/p>\n\n\n\n<p>Hasta el momento se desconoce el m\u00f3vil del tiroteo que dej\u00f3 un muerto y dos heridos en el pante\u00f3n de Naucalpan de Ju\u00e1rez, Estado de M\u00e9xico y tampoco se ha dado cuenta de la detenci\u00f3n de los agresores.<\/p>\n\n\n\n<p>Las primeras versiones apuntan a que sujetos a bordo de motocicletas dispararon contra las personas mientras se encontraban al interior del pante\u00f3n de Naucalpan durante el D\u00eda de Muertos.<\/p>\n\n\n\n<p>Pese a que la Secretar\u00eda de Seguridad del Estado de M\u00e9xico (SS-Edomex), ha puesto en marcha el Operativo Panteones para salvaguardar la integridad de la poblaci\u00f3n, la balacera al interior del pante\u00f3n de Naucalpan provoc\u00f3 la muerte de una persona y dej\u00f3 a dos m\u00e1s lesionadas.<\/p>\n\n\n\n<p>Sin embargo, despu\u00e9s de los hechos, se activ\u00f3 una movilizaci\u00f3n policial, adem\u00e1s de que se registr\u00f3 la llegada de elementos del Ej\u00e9rcito para comenzar las investigaciones.<\/p>\n\n\n\n<p>Adem\u00e1s, por el tiroteo registrado se neg\u00f3 el acceso al p\u00fablico en general al pante\u00f3n de Naucalpan durante el D\u00eda de Muertos.<\/p>\n\n\n\n<p>(Con informaci\u00f3n de SDP Noticias\u201d)<\/p>\n","protected":false},"excerpt":{"rendered":"<p>Redacci\u00f3n\/Zona Roja Cdmx. Ciudad de M\u00e9xico, a 2 de noviembre de 2023.- Este jueves de&hellip;<\/p>\n","protected":false},"author":2,"featured_media":61655,"comment_status":"closed","ping_status":"open","sticky":false,"template":"","format":"standard","meta":{"_lmt_disableupdate":"","_lmt_disable":"","_jetpack_memberships_contains_paid_content":false,"footnotes":""},"categories":[109,51],"tags":[],"class_list":["post-61654","post","type-post","status-publish","format-standard","has-post-thumbnail","hentry","category-minuto-a-minuto","category-zona-roja"],"jetpack_featured_media_url":"https:\/\/zonaroja.com.mx\/wp-content\/uploads\/2023\/11\/Asesinato-panteon-Naucalpan.jpeg","jetpack_sharing_enabled":true,"_links":{"self":[{"href":"https:\/\/zonaroja.com.mx\/index.php?rest_route=\/wp\/v2\/posts\/61654","targetHints":{"allow":["GET"]}}],"collection":[{"href":"https:\/\/zonaroja.com.mx\/index.php?rest_route=\/wp\/v2\/posts"}],"about":[{"href":"https:\/\/zonaroja.com.mx\/index.php?rest_route=\/wp\/v2\/types\/post"}],"author":[{"embeddable":true,"href":"https:\/\/zonaroja.com.mx\/index.php?rest_route=\/wp\/v2\/users\/2"}],"replies":[{"embeddable":true,"href":"https:\/\/zonaroja.com.mx\/index.php?rest_route=%2Fwp%2Fv2%2Fcomments&post=61654"}],"version-history":[{"count":1,"href":"https:\/\/zonaroja.com.mx\/index.php?rest_route=\/wp\/v2\/posts\/61654\/revisions"}],"predecessor-version":[{"id":61656,"href":"https:\/\/zonaroja.com.mx\/index.php?rest_route=\/wp\/v2\/posts\/61654\/revisions\/61656"}],"wp:featuredmedia":[{"embeddable":true,"href":"https:\/\/zonaroja.com.mx\/index.php?rest_route=\/wp\/v2\/media\/61655"}],"wp:attachment":[{"href":"https:\/\/zonaroja.com.mx\/index.php?rest_route=%2Fwp%2Fv2%2Fmedia&parent=61654"}],"wp:term":[{"taxonomy":"category","embeddable":true,"href":"https:\/\/zonaroja.com.mx\/index.php?rest_route=%2Fwp%2Fv2%2Fcategories&post=61654"},{"taxonomy":"post_tag","embeddable":true,"href":"https:\/\/zonaroja.com.mx\/index.php?rest_route=%2Fwp%2Fv2%2Ftags&post=61654"}],"curies":[{"name":"wp","href":"https:\/\/api.w.org\/{rel}","templated":true}]}}