{"id":61657,"date":"2023-11-03T07:16:02","date_gmt":"2023-11-03T13:16:02","guid":{"rendered":"http:\/\/www.zonaroja.com.mx\/?p=61657"},"modified":"2023-11-03T07:16:05","modified_gmt":"2023-11-03T13:16:05","slug":"siguen-fallas-de-edil-crimenes-no-cesan-en-salina-cruz","status":"publish","type":"post","link":"https:\/\/zonaroja.com.mx\/?p=61657","title":{"rendered":"Siguen fallas de edil: cr\u00edmenes no cesan en Salina Cruz"},"content":{"rendered":"\n<p>Redacci\u00f3n\/Zona Roja.<\/p>\n\n\n\n<p>Oaxaca de Ju\u00e1rez, Oax., a 3 de noviembre de 2023.- Una persona del sexo masculino fue asesinada este jueves en Salina Cruz, municipio de la regi\u00f3n del Istmo de Tehuantepec.<\/p>\n\n\n\n<p>En tanto, en lugar de garantizar la seguridad de la poblaci\u00f3n, el presidente municipal Daniel M\u00e9ndez Sosa, surgido del Partido Morena, contin\u00faa su promoci\u00f3n para reelegirse en el cargo.<\/p>\n\n\n\n<p>El ataque armado ocurri\u00f3 la ma\u00f1ana de ayer en la calzada Refiner\u00eda y la v\u00edctima fue trasladada al hospital del IMSS, en la avenida Nicol\u00e1s Bravo de la colonia Hidalgo Oriente, donde m\u00e1s tarde perdi\u00f3 la vida debido a la gravedad de las lesiones.<\/p>\n\n\n\n<p>La v\u00edctima fue identificada como Marco Antonio G. C., de 44 a\u00f1os, quien tuvo su domicilio en la colonia San Miguelito de Salina Cruz.<\/p>\n\n\n\n<p>Hasta el momento no hay reporte de personas detenidas, pues la polic\u00eda municipal no se hallaba en la zona, a pesar de que fue en una zona de alta afluencia de personas y de veh\u00edculos.<\/p>\n\n\n\n<p>Personal de la Vicefiscal\u00eda Regional del Istmo inici\u00f3 las indagatorias correspondientes para dar con el o los responsables del crimen.<\/p>\n","protected":false},"excerpt":{"rendered":"<p>Redacci\u00f3n\/Zona Roja. Oaxaca de Ju\u00e1rez, Oax., a 3 de noviembre de 2023.- Una persona del&hellip;<\/p>\n","protected":false},"author":2,"featured_media":38093,"comment_status":"closed","ping_status":"open","sticky":false,"template":"","format":"standard","meta":{"_lmt_disableupdate":"","_lmt_disable":"","_jetpack_memberships_contains_paid_content":false,"footnotes":""},"categories":[109,51],"tags":[168],"class_list":["post-61657","post","type-post","status-publish","format-standard","has-post-thumbnail","hentry","category-minuto-a-minuto","category-zona-roja","tag-salina-cruz"],"jetpack_featured_media_url":"https:\/\/zonaroja.com.mx\/wp-content\/uploads\/2022\/02\/Policia-escena-seguridad-violencia-crimen.jpg","jetpack_sharing_enabled":true,"_links":{"self":[{"href":"https:\/\/zonaroja.com.mx\/index.php?rest_route=\/wp\/v2\/posts\/61657","targetHints":{"allow":["GET"]}}],"collection":[{"href":"https:\/\/zonaroja.com.mx\/index.php?rest_route=\/wp\/v2\/posts"}],"about":[{"href":"https:\/\/zonaroja.com.mx\/index.php?rest_route=\/wp\/v2\/types\/post"}],"author":[{"embeddable":true,"href":"https:\/\/zonaroja.com.mx\/index.php?rest_route=\/wp\/v2\/users\/2"}],"replies":[{"embeddable":true,"href":"https:\/\/zonaroja.com.mx\/index.php?rest_route=%2Fwp%2Fv2%2Fcomments&post=61657"}],"version-history":[{"count":1,"href":"https:\/\/zonaroja.com.mx\/index.php?rest_route=\/wp\/v2\/posts\/61657\/revisions"}],"predecessor-version":[{"id":61658,"href":"https:\/\/zonaroja.com.mx\/index.php?rest_route=\/wp\/v2\/posts\/61657\/revisions\/61658"}],"wp:featuredmedia":[{"embeddable":true,"href":"https:\/\/zonaroja.com.mx\/index.php?rest_route=\/wp\/v2\/media\/38093"}],"wp:attachment":[{"href":"https:\/\/zonaroja.com.mx\/index.php?rest_route=%2Fwp%2Fv2%2Fmedia&parent=61657"}],"wp:term":[{"taxonomy":"category","embeddable":true,"href":"https:\/\/zonaroja.com.mx\/index.php?rest_route=%2Fwp%2Fv2%2Fcategories&post=61657"},{"taxonomy":"post_tag","embeddable":true,"href":"https:\/\/zonaroja.com.mx\/index.php?rest_route=%2Fwp%2Fv2%2Ftags&post=61657"}],"curies":[{"name":"wp","href":"https:\/\/api.w.org\/{rel}","templated":true}]}}