{"id":6166,"date":"2019-11-28T21:19:23","date_gmt":"2019-11-29T03:19:23","guid":{"rendered":"http:\/\/www.zonaroja.com.mx\/?p=6166"},"modified":"2019-11-28T21:19:27","modified_gmt":"2019-11-29T03:19:27","slug":"a-balazos-y-granadazos-se-disputan-los-catem-obras-en-oaxaca","status":"publish","type":"post","link":"https:\/\/zonaroja.com.mx\/?p=6166","title":{"rendered":"A balazos y granadazos se disputan los CATEM obras en Oaxaca"},"content":{"rendered":"\n<p>Redacci\u00f3n\/Zona Roja.<\/p>\n\n\n\n<p>Oaxaca de Ju\u00e1rez, Oax., 28 de noviembre\nde 2019.- A balazos y con el lanzamiento de al menos dos granadas, dos grupos\nde transportistas se disputaron hoy una obra, en la zona conurbada de la\ncapital, sin que intervinieran las autoridades estatales.<\/p>\n\n\n\n<p>Aproximadamente a las 14:30 horas, un\ngrupo armado a bordo de una camioneta tipo Tacoma atac\u00f3 a balazos a otro grupo\ny arroj\u00f3 dos bombas de humo a un predio ubicado en la colindancia entre Santa\nMar\u00eda Atzompa, Oaxaca de Ju\u00e1rez y San Jacinto Amilpas, sin que detonara.<\/p>\n\n\n\n<p>Los probables agresores fueron identificados como integrantes de la Confederaci\u00f3n Aut\u00f3noma de Trabajadores y Empleados de M\u00e9xico (CATEM) Joven, que dirigen los hermanos Villaseca, quienes atacaro a los militantes de la CATEM, para obligar a los transportistas Arnulfo Carrasco y Jaime Paz L\u00f3pez compartir el trabajo en la construcci\u00f3n de la obra.<\/p>\n\n\n\n<figure class=\"wp-block-image\"><img decoding=\"async\" width=\"614\" height=\"806\" src=\"http:\/\/www.zonaroja.com.mx\/wp-content\/uploads\/2019\/11\/Granadas-CATEM-2.jpg\" alt=\"\" class=\"wp-image-6168\" srcset=\"https:\/\/zonaroja.com.mx\/wp-content\/uploads\/2019\/11\/Granadas-CATEM-2.jpg 614w, https:\/\/zonaroja.com.mx\/wp-content\/uploads\/2019\/11\/Granadas-CATEM-2-229x300.jpg 229w, https:\/\/zonaroja.com.mx\/wp-content\/uploads\/2019\/11\/Granadas-CATEM-2-585x768.jpg 585w\" sizes=\"(max-width: 614px) 100vw, 614px\" \/><\/figure>\n\n\n\n<p>Tras los hechos violentos, a la zona\nfueron movilizados elementos de la Polic\u00eda Municipal y de la Estatal, as\u00ed como\nmototaxistas y taxistas.<\/p>\n\n\n\n<p>En la zona fueron localizados los\ncasquillos percutidos y dos bombas, las cuales dijeron eran explosivas, pero se\nconfirm\u00f3 que son de humo, lo cual verific\u00f3 el Ej\u00e9rcito Mexicano.<\/p>\n\n\n\n<p>Personal de la Fiscal\u00eda General del\nEstado fue movilizado al lugar para realizar diligencias y por lo cual la\ncirculaci\u00f3n vehicular fue cerrada por m\u00e0s de cuatro horas, en inmediaciones del\ncentro comercial Plaza Bella.<\/p>\n\n\n\n<p>No obstante, los probables responsables\nlograron escapar y no hay hasta el momento ninguna persona detenida.<\/p>\n","protected":false},"excerpt":{"rendered":"<p>Redacci\u00f3n\/Zona Roja. Oaxaca de Ju\u00e1rez, Oax., 28 de noviembre de 2019.- A balazos y con&hellip;<\/p>\n","protected":false},"author":2,"featured_media":6167,"comment_status":"closed","ping_status":"open","sticky":false,"template":"","format":"standard","meta":{"_lmt_disableupdate":"","_lmt_disable":"","_jetpack_memberships_contains_paid_content":false,"footnotes":""},"categories":[109,51],"tags":[1069],"class_list":["post-6166","post","type-post","status-publish","format-standard","has-post-thumbnail","hentry","category-minuto-a-minuto","category-zona-roja","tag-confederacion-autonoma-de-trabajadores-y-empleados-de-mexico-catem"],"jetpack_featured_media_url":"https:\/\/zonaroja.com.mx\/wp-content\/uploads\/2019\/11\/Granadas-CATEM-1.jpg","jetpack_sharing_enabled":true,"_links":{"self":[{"href":"https:\/\/zonaroja.com.mx\/index.php?rest_route=\/wp\/v2\/posts\/6166","targetHints":{"allow":["GET"]}}],"collection":[{"href":"https:\/\/zonaroja.com.mx\/index.php?rest_route=\/wp\/v2\/posts"}],"about":[{"href":"https:\/\/zonaroja.com.mx\/index.php?rest_route=\/wp\/v2\/types\/post"}],"author":[{"embeddable":true,"href":"https:\/\/zonaroja.com.mx\/index.php?rest_route=\/wp\/v2\/users\/2"}],"replies":[{"embeddable":true,"href":"https:\/\/zonaroja.com.mx\/index.php?rest_route=%2Fwp%2Fv2%2Fcomments&post=6166"}],"version-history":[{"count":1,"href":"https:\/\/zonaroja.com.mx\/index.php?rest_route=\/wp\/v2\/posts\/6166\/revisions"}],"predecessor-version":[{"id":6169,"href":"https:\/\/zonaroja.com.mx\/index.php?rest_route=\/wp\/v2\/posts\/6166\/revisions\/6169"}],"wp:featuredmedia":[{"embeddable":true,"href":"https:\/\/zonaroja.com.mx\/index.php?rest_route=\/wp\/v2\/media\/6167"}],"wp:attachment":[{"href":"https:\/\/zonaroja.com.mx\/index.php?rest_route=%2Fwp%2Fv2%2Fmedia&parent=6166"}],"wp:term":[{"taxonomy":"category","embeddable":true,"href":"https:\/\/zonaroja.com.mx\/index.php?rest_route=%2Fwp%2Fv2%2Fcategories&post=6166"},{"taxonomy":"post_tag","embeddable":true,"href":"https:\/\/zonaroja.com.mx\/index.php?rest_route=%2Fwp%2Fv2%2Ftags&post=6166"}],"curies":[{"name":"wp","href":"https:\/\/api.w.org\/{rel}","templated":true}]}}