{"id":61662,"date":"2023-11-03T09:21:00","date_gmt":"2023-11-03T15:21:00","guid":{"rendered":"http:\/\/www.zonaroja.com.mx\/?p=61662"},"modified":"2023-11-03T07:28:23","modified_gmt":"2023-11-03T13:28:23","slug":"entrega-el-inpi-paquetes-alimentarios-para-damnificados-del-huracan-en-guerrero","status":"publish","type":"post","link":"https:\/\/zonaroja.com.mx\/?p=61662","title":{"rendered":"Entrega el INPI paquetes alimentarios para damnificados del hurac\u00e1n en Guerrero"},"content":{"rendered":"\n<p>Redacci\u00f3n\/Zona Roja Cdmx.<\/p>\n\n\n\n<p>Ciudad de M\u00e9xico, a 3 de noviembre de 2023.- Para sumarse a las labores del gobierno de M\u00e9xico y en atenci\u00f3n al mandato del Presidente Andr\u00e9s Manuel L\u00f3pez Obrador, el Instituto Nacional de los Pueblos Ind\u00edgenas (INPI) inici\u00f3 con la entrega de paquetes alimentarios, de agua potable y otros apoyos, en beneficio de las comunidades de Guerrero, afectadas por los efectos del hurac\u00e1n \u201cOtis\u201d.<\/p>\n\n\n\n<p>As\u00ed lo inform\u00f3 el director general del INPI, Adelfo Regino Montes, al destacar que se instalaron centros de acopio en todas las Oficinas de Representaci\u00f3n (OR) y Centros Coordinadores de Pueblos Ind\u00edgenas (CCPI) del pa\u00eds, lo que permiti\u00f3 entregar 4.5 toneladas de alimentos y agua potable, gracias al apoyo, solidaridad y generosidad del pueblo de M\u00e9xico frente a la tragedia.<\/p>\n\n\n\n<p>Al coordinar la entrega de paquetes alimentarios y apoyos, el titular de la Oficina de Representaci\u00f3n del INPI en el estado de Guerrero, Manuel V\u00e1squez Quintero, precis\u00f3 que los v\u00edveres fueron recabados con las donaciones en los centros coordinadores de Tlapa, Olinal\u00e1, Tlacoapa, Ometepec, Chilapa y del mismo modo, fueron entregadas cobijas, ropa, calzado y productos de limpieza a las familias.<\/p>\n\n\n\n<p>En ese sentido, dijo, personal de la Oficina de Representaci\u00f3n de los estados de Guerrero y Morelos, sumaron esfuerzos para llegar hasta el puerto de Acapulco y acceder hasta la colonia \u201cUnidos por Guerrero\u201d, punto donde acordaron reunir las familias para recibir los citados apoyos, junto con las localidades de Sina\u00ed.&nbsp; Ampliaci\u00f3n Sina\u00ed, la voz de la Monta\u00f1a, Jacaranda y Alianza de los Trabajadores.<\/p>\n\n\n\n<p>Y es que en todas estas colonias habitan las hermanas y los hermanos de los pueblos ind\u00edgenas \u00f1uu savi (mixteco) \u00f1oomdaa (amuzgo) me&#8217;phaa (tlapaneco) nahua (n\u00e1huatl) y afromexicano.<\/p>\n\n\n\n<p>El Instituto Nacional de los Pueblos Ind\u00edgenas convoca a los diversos sectores de la sociedad, sobre todo a los que tienen m\u00e1s recursos econ\u00f3micos, para que sigan apoyando a los pueblos y comunidades devastadas por este hurac\u00e1n categor\u00eda 5, en las regiones de las Costas Chica y Grande, as\u00ed como en la monta\u00f1a de Guerrero.<\/p>\n","protected":false},"excerpt":{"rendered":"<p>Redacci\u00f3n\/Zona Roja Cdmx. Ciudad de M\u00e9xico, a 3 de noviembre de 2023.- Para sumarse a&hellip;<\/p>\n","protected":false},"author":2,"featured_media":61663,"comment_status":"closed","ping_status":"open","sticky":false,"template":"","format":"standard","meta":{"_lmt_disableupdate":"","_lmt_disable":"","_jetpack_memberships_contains_paid_content":false,"footnotes":""},"categories":[109,46],"tags":[3683],"class_list":["post-61662","post","type-post","status-publish","format-standard","has-post-thumbnail","hentry","category-minuto-a-minuto","category-zona-blanca","tag-instituto-nacional-de-pueblos-indigenas-inpi"],"jetpack_featured_media_url":"https:\/\/zonaroja.com.mx\/wp-content\/uploads\/2023\/11\/INPI-apoyos-a-Guerrero-Otis.jpg","jetpack_sharing_enabled":true,"_links":{"self":[{"href":"https:\/\/zonaroja.com.mx\/index.php?rest_route=\/wp\/v2\/posts\/61662","targetHints":{"allow":["GET"]}}],"collection":[{"href":"https:\/\/zonaroja.com.mx\/index.php?rest_route=\/wp\/v2\/posts"}],"about":[{"href":"https:\/\/zonaroja.com.mx\/index.php?rest_route=\/wp\/v2\/types\/post"}],"author":[{"embeddable":true,"href":"https:\/\/zonaroja.com.mx\/index.php?rest_route=\/wp\/v2\/users\/2"}],"replies":[{"embeddable":true,"href":"https:\/\/zonaroja.com.mx\/index.php?rest_route=%2Fwp%2Fv2%2Fcomments&post=61662"}],"version-history":[{"count":1,"href":"https:\/\/zonaroja.com.mx\/index.php?rest_route=\/wp\/v2\/posts\/61662\/revisions"}],"predecessor-version":[{"id":61664,"href":"https:\/\/zonaroja.com.mx\/index.php?rest_route=\/wp\/v2\/posts\/61662\/revisions\/61664"}],"wp:featuredmedia":[{"embeddable":true,"href":"https:\/\/zonaroja.com.mx\/index.php?rest_route=\/wp\/v2\/media\/61663"}],"wp:attachment":[{"href":"https:\/\/zonaroja.com.mx\/index.php?rest_route=%2Fwp%2Fv2%2Fmedia&parent=61662"}],"wp:term":[{"taxonomy":"category","embeddable":true,"href":"https:\/\/zonaroja.com.mx\/index.php?rest_route=%2Fwp%2Fv2%2Fcategories&post=61662"},{"taxonomy":"post_tag","embeddable":true,"href":"https:\/\/zonaroja.com.mx\/index.php?rest_route=%2Fwp%2Fv2%2Ftags&post=61662"}],"curies":[{"name":"wp","href":"https:\/\/api.w.org\/{rel}","templated":true}]}}