{"id":61665,"date":"2023-11-03T10:30:00","date_gmt":"2023-11-03T16:30:00","guid":{"rendered":"http:\/\/www.zonaroja.com.mx\/?p=61665"},"modified":"2023-11-03T07:30:09","modified_gmt":"2023-11-03T13:30:09","slug":"asamblea-general-de-onu-exige-el-fin-del-embargo-a-cuba-con-solo-dos-votos-en-contra","status":"publish","type":"post","link":"https:\/\/zonaroja.com.mx\/?p=61665","title":{"rendered":"Asamblea General de ONU exige el fin del embargo a Cuba con solo dos votos en contra"},"content":{"rendered":"\n<p>Redacci\u00f3n\/Zona Roja Cdmx.<\/p>\n\n\n\n<p>Ciudad deM\u00e9xico, a 3 de noviembre de 2023.- La Asamblea General de la ONU aprob\u00f3 este jueves por abrumadora mayor\u00eda una resoluci\u00f3n para exigir el fin del embargo econ\u00f3mico y comercial estadounidense contra Cuba que ya ha superado seis d\u00e9cadas, a la que \u00fanicamente se opusieron dos pa\u00edses: Estados Unidos (EU) e Israel.<\/p>\n\n\n\n<p>Este llamamiento, que viene haci\u00e9ndose anualmente desde hace 31 a\u00f1os, recibi\u00f3 en esta ocasi\u00f3n 187 votos a favor, dos en contra y una sola abstenci\u00f3n, la de Ucrania, un resultado a\u00fan m\u00e1s aplastante que el del a\u00f1o pasado, cuando hubo tres abstenciones y los mismos votos negativos.<\/p>\n\n\n\n<p>Al completarse la votaci\u00f3n y aparecer los resultados en la pantalla gigante de la Asamblea, muchos de los delegados presentes prorrumpieron en aplausos.<\/p>\n\n\n\n<p>El canciller cubano, Bruno Rodr\u00edguez, que intervino justo antes de la votaci\u00f3n ante la Asamblea, denunci\u00f3 que el bloqueo \u201cviola el derecho a la vida, la salud, la educaci\u00f3n y el bienestar de todas las cubanas y cubanos\u201d, y constituye \u201cun acto de guerra en tiempo de paz\u201d.<\/p>\n\n\n\n<p>La Asamblea celebra cada a\u00f1o una sesi\u00f3n espec\u00edfica para pedir el fin de este embargo impuesto en 1962 y que impide a Cuba hacer transacciones en d\u00f3lares, comercializar con productos que atraviesen EU y que tengan un porcentaje m\u00ednimo del 10 % de partes elaboradas en ese pa\u00eds, as\u00ed como utilizar el sistema financiero norteamericano.<\/p>\n\n\n\n<p>Pero los pa\u00edses que ayer y hoy han intervenido en la Asamblea en apoyo de Cuba -muchos de ellos s\u00f3lidos aliados de EU en el mundo- insistieron en que el embargo es una medida unilateral, pues no ha sido decidido por el Consejo de Seguridad, supone una injerencia en otros estados y termina castigando sobre todo a la poblaci\u00f3n de Cuba, antes que a su Gobierno.<\/p>\n\n\n\n<p>(Informaci\u00f3n de Forbes M\u00e9xico)<\/p>\n","protected":false},"excerpt":{"rendered":"<p>Redacci\u00f3n\/Zona Roja Cdmx. Ciudad deM\u00e9xico, a 3 de noviembre de 2023.- La Asamblea General de&hellip;<\/p>\n","protected":false},"author":2,"featured_media":61055,"comment_status":"closed","ping_status":"open","sticky":false,"template":"","format":"standard","meta":{"_lmt_disableupdate":"","_lmt_disable":"","_jetpack_memberships_contains_paid_content":false,"footnotes":""},"categories":[109,47],"tags":[3718],"class_list":["post-61665","post","type-post","status-publish","format-standard","has-post-thumbnail","hentry","category-minuto-a-minuto","category-zona-gris","tag-embargo-a-cuba"],"jetpack_featured_media_url":"https:\/\/zonaroja.com.mx\/wp-content\/uploads\/2023\/10\/ONU-Naciones-Unidas.jpeg","jetpack_sharing_enabled":true,"_links":{"self":[{"href":"https:\/\/zonaroja.com.mx\/index.php?rest_route=\/wp\/v2\/posts\/61665","targetHints":{"allow":["GET"]}}],"collection":[{"href":"https:\/\/zonaroja.com.mx\/index.php?rest_route=\/wp\/v2\/posts"}],"about":[{"href":"https:\/\/zonaroja.com.mx\/index.php?rest_route=\/wp\/v2\/types\/post"}],"author":[{"embeddable":true,"href":"https:\/\/zonaroja.com.mx\/index.php?rest_route=\/wp\/v2\/users\/2"}],"replies":[{"embeddable":true,"href":"https:\/\/zonaroja.com.mx\/index.php?rest_route=%2Fwp%2Fv2%2Fcomments&post=61665"}],"version-history":[{"count":1,"href":"https:\/\/zonaroja.com.mx\/index.php?rest_route=\/wp\/v2\/posts\/61665\/revisions"}],"predecessor-version":[{"id":61666,"href":"https:\/\/zonaroja.com.mx\/index.php?rest_route=\/wp\/v2\/posts\/61665\/revisions\/61666"}],"wp:featuredmedia":[{"embeddable":true,"href":"https:\/\/zonaroja.com.mx\/index.php?rest_route=\/wp\/v2\/media\/61055"}],"wp:attachment":[{"href":"https:\/\/zonaroja.com.mx\/index.php?rest_route=%2Fwp%2Fv2%2Fmedia&parent=61665"}],"wp:term":[{"taxonomy":"category","embeddable":true,"href":"https:\/\/zonaroja.com.mx\/index.php?rest_route=%2Fwp%2Fv2%2Fcategories&post=61665"},{"taxonomy":"post_tag","embeddable":true,"href":"https:\/\/zonaroja.com.mx\/index.php?rest_route=%2Fwp%2Fv2%2Ftags&post=61665"}],"curies":[{"name":"wp","href":"https:\/\/api.w.org\/{rel}","templated":true}]}}