{"id":61669,"date":"2023-11-03T10:19:00","date_gmt":"2023-11-03T16:19:00","guid":{"rendered":"http:\/\/www.zonaroja.com.mx\/?p=61669"},"modified":"2023-11-03T08:21:01","modified_gmt":"2023-11-03T14:21:01","slug":"registro-oaxaca-ayer-tres-sismos-superiores-a-magnitud-4","status":"publish","type":"post","link":"https:\/\/zonaroja.com.mx\/?p=61669","title":{"rendered":"Registr\u00f3 Oaxaca ayer tres sismos superiores a magnitud 4"},"content":{"rendered":"\n<p>Ismael Garc\u00eda M.\/Zona Roja.<\/p>\n\n\n\n<p>Oaxaca de Ju\u00e1rez, Oax., a 3 de noviembre de 2023.- Al menos tres sismos de una magnitud superior a 4 registr\u00f3 Oaxaca ayer jueves, de acuerdo con registros del Servicio Sismol\u00f3gico Nacional.<\/p>\n\n\n\n<p>Seg\u00fan los datos del organismo federal, el primero de ellos sucedi\u00f3 a las 01:41 horas, de magnitud 4.4 con epicentro a 130 kil\u00f3metros al sureste del municipio de Salina Cruz.<\/p>\n\n\n\n<p>El siguiente fue a las 14:33 horas, de magnitud 4.1, con epicentro a 58 kil\u00f3metros al noreste del municipio de Mat\u00edas Romero.<\/p>\n\n\n\n<p>El de las 17:58 horas, de magnitud 5.9, con epicentro preliminar a 60 kil\u00f3metros al noreste del municipio de Uni\u00f3n Hidalgo, fue el que hizo sonar las bocinas del Sistema de Alerta S\u00edsmica en la ciudad de Oaxaca y zona metropolitana.<\/p>\n\n\n\n<p>Incluso en algunos hospitales y centros comerciales la gente fue evacuada para evitar tragedias; no obstante, pr\u00e1cticamente fue imperceptible el movimiento tel\u00farico.<\/p>\n\n\n\n<p>Poco despu\u00e9s, el Servicio Sismol\u00f3gico Nacional modific\u00f3 este dato y lo ubic\u00f3, a la misma hora, pero de magnitud 5.1 con epicentro a 67 kil\u00f3metros al noroeste de Cintalapa, Chiapas.<\/p>\n\n\n\n<p>De diversas magnitudes, incluyendo menores a 4, en total fueron al menos 20 temblores los registrados en el estado de Oaxaca, en su mayor\u00eda con epicentro en comunidades de la regi\u00f3n del Istmo, adem\u00e1s de Huajuapan de Le\u00f3n, Pinotepa Nacional, San Pedro Pochutla, y R\u00edo Grande, Jamiltepec.<\/p>\n","protected":false},"excerpt":{"rendered":"<p>Ismael Garc\u00eda M.\/Zona Roja. Oaxaca de Ju\u00e1rez, Oax., a 3 de noviembre de 2023.- Al&hellip;<\/p>\n","protected":false},"author":2,"featured_media":61670,"comment_status":"closed","ping_status":"open","sticky":false,"template":"","format":"standard","meta":{"_lmt_disableupdate":"","_lmt_disable":"","_jetpack_memberships_contains_paid_content":false,"footnotes":""},"categories":[109,47],"tags":[1054],"class_list":["post-61669","post","type-post","status-publish","format-standard","has-post-thumbnail","hentry","category-minuto-a-minuto","category-zona-gris","tag-sismos-oaxaca"],"jetpack_featured_media_url":"https:\/\/zonaroja.com.mx\/wp-content\/uploads\/2023\/11\/Sismo-Oaxaca.jpg","jetpack_sharing_enabled":true,"_links":{"self":[{"href":"https:\/\/zonaroja.com.mx\/index.php?rest_route=\/wp\/v2\/posts\/61669","targetHints":{"allow":["GET"]}}],"collection":[{"href":"https:\/\/zonaroja.com.mx\/index.php?rest_route=\/wp\/v2\/posts"}],"about":[{"href":"https:\/\/zonaroja.com.mx\/index.php?rest_route=\/wp\/v2\/types\/post"}],"author":[{"embeddable":true,"href":"https:\/\/zonaroja.com.mx\/index.php?rest_route=\/wp\/v2\/users\/2"}],"replies":[{"embeddable":true,"href":"https:\/\/zonaroja.com.mx\/index.php?rest_route=%2Fwp%2Fv2%2Fcomments&post=61669"}],"version-history":[{"count":1,"href":"https:\/\/zonaroja.com.mx\/index.php?rest_route=\/wp\/v2\/posts\/61669\/revisions"}],"predecessor-version":[{"id":61671,"href":"https:\/\/zonaroja.com.mx\/index.php?rest_route=\/wp\/v2\/posts\/61669\/revisions\/61671"}],"wp:featuredmedia":[{"embeddable":true,"href":"https:\/\/zonaroja.com.mx\/index.php?rest_route=\/wp\/v2\/media\/61670"}],"wp:attachment":[{"href":"https:\/\/zonaroja.com.mx\/index.php?rest_route=%2Fwp%2Fv2%2Fmedia&parent=61669"}],"wp:term":[{"taxonomy":"category","embeddable":true,"href":"https:\/\/zonaroja.com.mx\/index.php?rest_route=%2Fwp%2Fv2%2Fcategories&post=61669"},{"taxonomy":"post_tag","embeddable":true,"href":"https:\/\/zonaroja.com.mx\/index.php?rest_route=%2Fwp%2Fv2%2Ftags&post=61669"}],"curies":[{"name":"wp","href":"https:\/\/api.w.org\/{rel}","templated":true}]}}