{"id":61672,"date":"2023-11-03T15:43:38","date_gmt":"2023-11-03T21:43:38","guid":{"rendered":"http:\/\/www.zonaroja.com.mx\/?p=61672"},"modified":"2023-11-03T15:43:40","modified_gmt":"2023-11-03T21:43:40","slug":"confirma-fiscalia-de-oaxaca-que-es-un-elemento-de-la-aei-el-asesinado","status":"publish","type":"post","link":"https:\/\/zonaroja.com.mx\/?p=61672","title":{"rendered":"Confirma Fiscal\u00eda de Oaxaca que es un elemento de la AEI el asesinado"},"content":{"rendered":"\n<p>Redacci\u00f3n\/Zona Roja.&nbsp;<\/p>\n\n\n\n<p>Oaxaca de Ju\u00e1rez, Oax., a 3 de noviembre de 2023.-&nbsp;La Fiscal\u00eda General del Estado de Oaxaca (FGEO) confirm\u00f3 que un elemento de la Agencia Estatal de Investigaciones (AEI) fue asesinado la ma\u00f1ana de este viernes en San Agust\u00edn de las Juntas.<\/p>\n\n\n\n<p>El crimen ocurri\u00f3 en inmediaciones del cruce de las calles Camino Real y Adolfo L\u00f3pez Mateos, en ese municipio conturbado a la capital del estado y la v\u00edctima fue identificada como Laurentino Guadalupe Mat\u00edas Jim\u00e9nez.<\/p>\n\n\n\n<p>En un comunicado, la instituci\u00f3n dio a conocer que inici\u00f3 una exhaustiva investigaci\u00f3n en torno a la comisi\u00f3n del delito de Homicidio Calificado y derivado de los primeros testimonios obtenidos, el hecho est\u00e1 relacionado con un conflicto interpersonal.&nbsp;<\/p>\n\n\n\n<p>Ante el hallazgo, despleg\u00f3 a un equipo multidisciplinario a trav\u00e9s de la Fiscal\u00eda Especializada para la Atenci\u00f3n a Delitos de Alto Impacto, el cual efectu\u00f3 los trabajos para recopilar los indicios en el lugar.<\/p>\n\n\n\n<p>Indic\u00f3 que por el caso se inici\u00f3 la carpeta de investigaci\u00f3n 37513\/FDAI\/UEIH\/2023 por el delito de Homicidio Calificado, mientras que el cuerpo de fue trasladado al Instituto de Servicios Periciales para realizar los estudios cient\u00edficos para fortalecer las indagatorias en torno a este crimen.<\/p>\n\n\n\n<p>La Fiscal\u00eda de Oaxaca, a trav\u00e9s de su titular Bernardo Rodr\u00edguez Alamilla, lamenta profundamente el deceso de un elemento de la AEI, perteneciente a este organismo aut\u00f3nomo, por lo que implementa todos los protocolos de investigaci\u00f3n necesarios para dar con el paradero de quien o quienes resulten responsables de los hechos.<\/p>\n","protected":false},"excerpt":{"rendered":"<p>Redacci\u00f3n\/Zona Roja.&nbsp; Oaxaca de Ju\u00e1rez, Oax., a 3 de noviembre de 2023.-&nbsp;La Fiscal\u00eda General del&hellip;<\/p>\n","protected":false},"author":2,"featured_media":61673,"comment_status":"closed","ping_status":"open","sticky":false,"template":"","format":"standard","meta":{"_lmt_disableupdate":"","_lmt_disable":"","_jetpack_memberships_contains_paid_content":false,"footnotes":""},"categories":[109,51],"tags":[743],"class_list":["post-61672","post","type-post","status-publish","format-standard","has-post-thumbnail","hentry","category-minuto-a-minuto","category-zona-roja","tag-san-agustin-de-las-juntas"],"jetpack_featured_media_url":"https:\/\/zonaroja.com.mx\/wp-content\/uploads\/2023\/11\/AEI-asesinado-en-San-Agustin-de-las-Juntas.jpeg","jetpack_sharing_enabled":true,"_links":{"self":[{"href":"https:\/\/zonaroja.com.mx\/index.php?rest_route=\/wp\/v2\/posts\/61672","targetHints":{"allow":["GET"]}}],"collection":[{"href":"https:\/\/zonaroja.com.mx\/index.php?rest_route=\/wp\/v2\/posts"}],"about":[{"href":"https:\/\/zonaroja.com.mx\/index.php?rest_route=\/wp\/v2\/types\/post"}],"author":[{"embeddable":true,"href":"https:\/\/zonaroja.com.mx\/index.php?rest_route=\/wp\/v2\/users\/2"}],"replies":[{"embeddable":true,"href":"https:\/\/zonaroja.com.mx\/index.php?rest_route=%2Fwp%2Fv2%2Fcomments&post=61672"}],"version-history":[{"count":1,"href":"https:\/\/zonaroja.com.mx\/index.php?rest_route=\/wp\/v2\/posts\/61672\/revisions"}],"predecessor-version":[{"id":61674,"href":"https:\/\/zonaroja.com.mx\/index.php?rest_route=\/wp\/v2\/posts\/61672\/revisions\/61674"}],"wp:featuredmedia":[{"embeddable":true,"href":"https:\/\/zonaroja.com.mx\/index.php?rest_route=\/wp\/v2\/media\/61673"}],"wp:attachment":[{"href":"https:\/\/zonaroja.com.mx\/index.php?rest_route=%2Fwp%2Fv2%2Fmedia&parent=61672"}],"wp:term":[{"taxonomy":"category","embeddable":true,"href":"https:\/\/zonaroja.com.mx\/index.php?rest_route=%2Fwp%2Fv2%2Fcategories&post=61672"},{"taxonomy":"post_tag","embeddable":true,"href":"https:\/\/zonaroja.com.mx\/index.php?rest_route=%2Fwp%2Fv2%2Ftags&post=61672"}],"curies":[{"name":"wp","href":"https:\/\/api.w.org\/{rel}","templated":true}]}}