{"id":61685,"date":"2023-11-03T20:08:53","date_gmt":"2023-11-04T02:08:53","guid":{"rendered":"http:\/\/www.zonaroja.com.mx\/?p=61685"},"modified":"2023-11-03T20:08:55","modified_gmt":"2023-11-04T02:08:55","slug":"cinco-balazos-en-el-centro-de-la-ciudad-de-oaxaca-y-nadie-se-dio-cuenta","status":"publish","type":"post","link":"https:\/\/zonaroja.com.mx\/?p=61685","title":{"rendered":"Cinco balazos en el centro de la ciudad de Oaxaca y nadie se dio cuenta"},"content":{"rendered":"\n<p>Ismael Garc\u00eda M.\/Zona Centro.<\/p>\n\n\n\n<p>Oaxaca de Ju\u00e1rez, Oax., a 3 de noviembre de 2023.- Cinco balazos irrumpieron la tranquilidad del viernes al mediod\u00eda en el Centro Hist\u00f3rico de la ciudad de Oaxaca, pero ning\u00fan polic\u00eda municipal se dio cuenta de ello.<\/p>\n\n\n\n<p>Las detonaciones de arma de fuego se registraron poco despu\u00e9s de las 12:00 horas, en la d\u00e9cima quinta calle de la avenida Independencia, entre Leandro Valle y Fray Francisco Aparicio, a unas seis cuadras del z\u00f3calo.<\/p>\n\n\n\n<p>Presuntamente un motociclista y un automovilista protagonizaron un percance, tras lo cual habr\u00edan sacado sus armas de fuego y disparado, pero sin dejar lesionados; tras ello, huyeron de la escena.<\/p>\n\n\n\n<p>Diez minutos despu\u00e9s arrib\u00f3 una patrulla de la polic\u00eda municipal de Oaxaca de Ju\u00e1rez, que cerr\u00f3 la vialidad.<\/p>\n\n\n\n<p>Ser\u00edan al menos cinco casquillos percutidos los localizados en la escena, algunos de los cuales pegaron en la pared de un hotel restaurante; los uniformados se limitaron a mantener la vigilancia en la zona pero se desconoce si efectuaron operativos de b\u00fasqueda.<\/p>\n\n\n\n<p>Personal de la Fiscal\u00eda General del Estado de Oaxaca arrib\u00f3 posteriormente al lugar para iniciar las indagatorias correspondientes.<\/p>\n\n\n\n<p>Horas antes, en el interior del estacionamiento del DIF estatal, en la avenida Ju\u00e1rez casi esquina con Margarita Maza, un individuo fue lesionado con arma blanca, supuestamente por una ri\u00f1a.<\/p>\n\n\n\n<p>El hombre presentaba una lesi\u00f3n a la altura del pecho pero que no pon\u00eda en riesgo su vida.<\/p>\n\n\n\n<figure class=\"wp-block-embed\"><div class=\"wp-block-embed__wrapper\">\nhttps:\/\/x.com\/ZonaRoja_Oaxaca\/status\/1720514327369691348?s=20\n<\/div><\/figure>\n","protected":false},"excerpt":{"rendered":"<p>Ismael Garc\u00eda M.\/Zona Centro. Oaxaca de Ju\u00e1rez, Oax., a 3 de noviembre de 2023.- Cinco&hellip;<\/p>\n","protected":false},"author":2,"featured_media":61680,"comment_status":"closed","ping_status":"open","sticky":false,"template":"","format":"standard","meta":{"_lmt_disableupdate":"","_lmt_disable":"","_jetpack_memberships_contains_paid_content":false,"footnotes":""},"categories":[109,47],"tags":[148],"class_list":["post-61685","post","type-post","status-publish","format-standard","has-post-thumbnail","hentry","category-minuto-a-minuto","category-zona-gris","tag-oaxaca-de-juarez"],"jetpack_featured_media_url":"https:\/\/zonaroja.com.mx\/wp-content\/uploads\/2023\/11\/Balacera-centro-de-la-ciudad-de-Oaxaca.jpg","jetpack_sharing_enabled":true,"_links":{"self":[{"href":"https:\/\/zonaroja.com.mx\/index.php?rest_route=\/wp\/v2\/posts\/61685","targetHints":{"allow":["GET"]}}],"collection":[{"href":"https:\/\/zonaroja.com.mx\/index.php?rest_route=\/wp\/v2\/posts"}],"about":[{"href":"https:\/\/zonaroja.com.mx\/index.php?rest_route=\/wp\/v2\/types\/post"}],"author":[{"embeddable":true,"href":"https:\/\/zonaroja.com.mx\/index.php?rest_route=\/wp\/v2\/users\/2"}],"replies":[{"embeddable":true,"href":"https:\/\/zonaroja.com.mx\/index.php?rest_route=%2Fwp%2Fv2%2Fcomments&post=61685"}],"version-history":[{"count":1,"href":"https:\/\/zonaroja.com.mx\/index.php?rest_route=\/wp\/v2\/posts\/61685\/revisions"}],"predecessor-version":[{"id":61686,"href":"https:\/\/zonaroja.com.mx\/index.php?rest_route=\/wp\/v2\/posts\/61685\/revisions\/61686"}],"wp:featuredmedia":[{"embeddable":true,"href":"https:\/\/zonaroja.com.mx\/index.php?rest_route=\/wp\/v2\/media\/61680"}],"wp:attachment":[{"href":"https:\/\/zonaroja.com.mx\/index.php?rest_route=%2Fwp%2Fv2%2Fmedia&parent=61685"}],"wp:term":[{"taxonomy":"category","embeddable":true,"href":"https:\/\/zonaroja.com.mx\/index.php?rest_route=%2Fwp%2Fv2%2Fcategories&post=61685"},{"taxonomy":"post_tag","embeddable":true,"href":"https:\/\/zonaroja.com.mx\/index.php?rest_route=%2Fwp%2Fv2%2Ftags&post=61685"}],"curies":[{"name":"wp","href":"https:\/\/api.w.org\/{rel}","templated":true}]}}