{"id":61687,"date":"2023-11-03T21:09:31","date_gmt":"2023-11-04T03:09:31","guid":{"rendered":"http:\/\/www.zonaroja.com.mx\/?p=61687"},"modified":"2023-11-03T21:09:33","modified_gmt":"2023-11-04T03:09:33","slug":"segundo-dia-de-ejecucion-de-taxistas-en-salina-cruz-oaxaca","status":"publish","type":"post","link":"https:\/\/zonaroja.com.mx\/?p=61687","title":{"rendered":"Segundo d\u00eda de ejecuci\u00f3n de taxistas en Salina Cruz, Oaxaca"},"content":{"rendered":"\n<p>Ismael Garc\u00eda M.\/Zona Roja.<\/p>\n\n\n\n<p>Oaxaca de Ju\u00e1rez, Oax., a 3 de noviembre de 2023.- Por segundo d\u00eda, en la ciudad y puerto de Salina Cruz hubo ejecuci\u00f3n a balazos contra taxistas.<\/p>\n\n\n\n<p>Este viernes por la tarde se registr\u00f3 un ataque armado en contra de los ocupantes de una unidad del servicio de alquiler, del sitio \u201cColonia Petrolera\u201d, a un costado del parque central de ese municipio de la regi\u00f3n del Istmo de Tehuantepec.<\/p>\n\n\n\n<p>Tampoco hab\u00eda polic\u00edas municipales en la zona, por lo cual el o los agresores pudieron huir de la zona sin que fueran perseguidos.<\/p>\n\n\n\n<p>Las v\u00edctimas son el chofer del taxi, Carlos Uriel M. R., quien tras los balazos impact\u00f3 el veh\u00edculo contra una barda del parque, y Pedro F. R., un pasajero.<\/p>\n\n\n\n<p>Cientos de personas que se hallaban en ese sitio de descanso atestiguaron el crimen y corrieron a refugiarse, aunque las balas no alcanzaron a otras personas pues apuntaron directamente al chofer.<\/p>\n\n\n\n<p>El presidente municipal, Daniel M\u00e9ndez Sosa, del Partido Morena, no ha emitido ning\u00fan pronunciamiento respecto a mejorar la seguridad en esa ciudad y puerto, a pesar de los m\u00faltiples cr\u00edmenes y dem\u00e1s hechos violentos que han ocurrido.<\/p>\n\n\n\n<p>Apenas ayer en la calzada Refiner\u00eda fue atacado a balazos otro taxista, Marco Antonio G. C., quien fue trasladado de emergencia al hospital del IMSS, donde perdi\u00f3 la vida horas m\u00e1s tarde debido a la gravedad de las lesiones. Tampoco hay personas detenidas por este caso.<\/p>\n","protected":false},"excerpt":{"rendered":"<p>Ismael Garc\u00eda M.\/Zona Roja. Oaxaca de Ju\u00e1rez, Oax., a 3 de noviembre de 2023.- Por&hellip;<\/p>\n","protected":false},"author":2,"featured_media":61683,"comment_status":"closed","ping_status":"open","sticky":false,"template":"","format":"standard","meta":{"_lmt_disableupdate":"","_lmt_disable":"","_jetpack_memberships_contains_paid_content":false,"footnotes":""},"categories":[456,51],"tags":[168],"class_list":["post-61687","post","type-post","status-publish","format-standard","has-post-thumbnail","hentry","category-columna","category-zona-roja","tag-salina-cruz"],"jetpack_featured_media_url":"https:\/\/zonaroja.com.mx\/wp-content\/uploads\/2023\/11\/Taxista-ejecutado-en-Salina-Cruz.jpg","jetpack_sharing_enabled":true,"_links":{"self":[{"href":"https:\/\/zonaroja.com.mx\/index.php?rest_route=\/wp\/v2\/posts\/61687","targetHints":{"allow":["GET"]}}],"collection":[{"href":"https:\/\/zonaroja.com.mx\/index.php?rest_route=\/wp\/v2\/posts"}],"about":[{"href":"https:\/\/zonaroja.com.mx\/index.php?rest_route=\/wp\/v2\/types\/post"}],"author":[{"embeddable":true,"href":"https:\/\/zonaroja.com.mx\/index.php?rest_route=\/wp\/v2\/users\/2"}],"replies":[{"embeddable":true,"href":"https:\/\/zonaroja.com.mx\/index.php?rest_route=%2Fwp%2Fv2%2Fcomments&post=61687"}],"version-history":[{"count":1,"href":"https:\/\/zonaroja.com.mx\/index.php?rest_route=\/wp\/v2\/posts\/61687\/revisions"}],"predecessor-version":[{"id":61688,"href":"https:\/\/zonaroja.com.mx\/index.php?rest_route=\/wp\/v2\/posts\/61687\/revisions\/61688"}],"wp:featuredmedia":[{"embeddable":true,"href":"https:\/\/zonaroja.com.mx\/index.php?rest_route=\/wp\/v2\/media\/61683"}],"wp:attachment":[{"href":"https:\/\/zonaroja.com.mx\/index.php?rest_route=%2Fwp%2Fv2%2Fmedia&parent=61687"}],"wp:term":[{"taxonomy":"category","embeddable":true,"href":"https:\/\/zonaroja.com.mx\/index.php?rest_route=%2Fwp%2Fv2%2Fcategories&post=61687"},{"taxonomy":"post_tag","embeddable":true,"href":"https:\/\/zonaroja.com.mx\/index.php?rest_route=%2Fwp%2Fv2%2Ftags&post=61687"}],"curies":[{"name":"wp","href":"https:\/\/api.w.org\/{rel}","templated":true}]}}